{"id":28393,"date":"2023-06-12T10:35:47","date_gmt":"2023-06-12T16:35:47","guid":{"rendered":"https:\/\/elconspirador.com.mx\/?p=28393"},"modified":"2023-06-12T10:36:42","modified_gmt":"2023-06-12T16:36:42","slug":"ampliaran-senal-de-radio-de-la-uaq","status":"publish","type":"post","link":"https:\/\/elconspirador.com.mx\/?p=28393","title":{"rendered":"AMPLIAR\u00c1N SE\u00d1AL DE RADIO DE LA UAQ"},"content":{"rendered":"<p>Teresa Garc\u00eda Gasca, rectora de la Universidad Aut\u00f3noma de Quer\u00e9taro (UAQ), dio a conocer que se trabaja en un proyecto para ampliar la se\u00f1al de Radio Universitario y tener presencia en San Joaqu\u00edn.<\/p>\n<p>\u201dEstamos trabajando un proyecto para la retransmisi\u00f3n, o para poder que llegue mejor la se\u00f1al desde Cadereyta hacia San Joaqu\u00edn, que es la zona donde todav\u00eda no llega bien la se\u00f1al a la cabecera municipal\u201d, dijo.<\/p>\n<p>Durante su participaci\u00f3n en el programa de Presencia Universitaria, la rectora indic\u00f3 que la universidad tiene presencia en pr\u00e1cticamente todo el estado a trav\u00e9s de los medios universitarios radio universidad, tribuna y presencia universitaria.<\/p>\n<p>\u201cTenemos pr\u00e1cticamente cobertura en todo el estado, estas son cifras de la direcci\u00f3n de comunicaci\u00f3n y medios\u201d, dijo.<\/p>\n<p>Adem\u00e1s, aprovech\u00f3 para recordar que, en el marco del d\u00eda de la libertad de expresi\u00f3n, M\u00e9xico sigue siendo el pa\u00eds m\u00e1s peligroso para ejercer el periodismo. Apunt\u00f3 que, de enero a mayo, cinco periodistas han sido asesinados.<\/p>\n<p>\u201cM\u00e9xico es el pa\u00eds m\u00e1s peligroso para ejercer el periodismo Est\u00e1 en primer\u00edsimo lugar incluyendo a los pa\u00edses que se encuentran en conflicto armado\u201d, se\u00f1al\u00f3.<\/p>\n","protected":false},"excerpt":{"rendered":"<p>Teresa Garc\u00eda Gasca, rectora de la Universidad Aut\u00f3noma de Quer\u00e9taro (UAQ), dio a conocer que se trabaja en un proyecto para ampliar la se\u00f1al de Radio Universitario y tener presencia en San Joaqu\u00edn. \u201dEstamos trabajando un proyecto para la retransmisi\u00f3n, o para poder que llegue mejor la se\u00f1al desde Cadereyta hacia San Joaqu\u00edn, que es la zona donde todav\u00eda no<\/p>\n<div class=\"h10\"><\/div>\n<p><a class=\"more-link2 flat\" href=\"https:\/\/elconspirador.com.mx\/?p=28393\">Leer m\u00e1s<\/a><\/p>\n","protected":false},"author":1,"featured_media":28396,"comment_status":"open","ping_status":"open","sticky":false,"template":"","format":"standard","meta":{"om_disable_all_campaigns":false,"_uf_show_specific_survey":0,"_uf_disable_surveys":false},"categories":[1],"tags":[],"aioseo_notices":[],"_links":{"self":[{"href":"https:\/\/elconspirador.com.mx\/index.php?rest_route=\/wp\/v2\/posts\/28393"}],"collection":[{"href":"https:\/\/elconspirador.com.mx\/index.php?rest_route=\/wp\/v2\/posts"}],"about":[{"href":"https:\/\/elconspirador.com.mx\/index.php?rest_route=\/wp\/v2\/types\/post"}],"author":[{"embeddable":true,"href":"https:\/\/elconspirador.com.mx\/index.php?rest_route=\/wp\/v2\/users\/1"}],"replies":[{"embeddable":true,"href":"https:\/\/elconspirador.com.mx\/index.php?rest_route=%2Fwp%2Fv2%2Fcomments&post=28393"}],"version-history":[{"count":1,"href":"https:\/\/elconspirador.com.mx\/index.php?rest_route=\/wp\/v2\/posts\/28393\/revisions"}],"predecessor-version":[{"id":28395,"href":"https:\/\/elconspirador.com.mx\/index.php?rest_route=\/wp\/v2\/posts\/28393\/revisions\/28395"}],"wp:featuredmedia":[{"embeddable":true,"href":"https:\/\/elconspirador.com.mx\/index.php?rest_route=\/wp\/v2\/media\/28396"}],"wp:attachment":[{"href":"https:\/\/elconspirador.com.mx\/index.php?rest_route=%2Fwp%2Fv2%2Fmedia&parent=28393"}],"wp:term":[{"taxonomy":"category","embeddable":true,"href":"https:\/\/elconspirador.com.mx\/index.php?rest_route=%2Fwp%2Fv2%2Fcategories&post=28393"},{"taxonomy":"post_tag","embeddable":true,"href":"https:\/\/elconspirador.com.mx\/index.php?rest_route=%2Fwp%2Fv2%2Ftags&post=28393"}],"curies":[{"name":"wp","href":"https:\/\/api.w.org\/{rel}","templated":true}]}}