{"id":28411,"date":"2023-06-13T05:59:48","date_gmt":"2023-06-13T11:59:48","guid":{"rendered":"https:\/\/elconspirador.com.mx\/?p=28411"},"modified":"2023-06-13T05:59:48","modified_gmt":"2023-06-13T11:59:48","slug":"aun-falta-detener-a-uno-por-homicidio-en-antea","status":"publish","type":"post","link":"https:\/\/elconspirador.com.mx\/?p=28411","title":{"rendered":"A\u00daN FALTA DETENER A UNO, POR HOMICIDIO EN ANTEA"},"content":{"rendered":"<p>A\u00fan hace falta detener a una persona por el homicidio registrado en la plaza comercial Antea el viernes pasado, inform\u00f3 Alejandro Echeverr\u00eda Cornejo, fiscal general del estado, quien coment\u00f3 que este lunes se traslad\u00f3 personal de la fiscal\u00eda al Estado de M\u00e9xico para traer a Quer\u00e9taro a las primeras seis personas detenidas.<\/p>\n<p>Echeverr\u00eda Cornejo mencion\u00f3 que a\u00fan se desconoce el motivo del homicidio y se\u00f1al\u00f3 que la mujer que recibi\u00f3 un balazo en la pierna se encuentra fuera de peligro y en posibilidades de egresar del hospital esta misma semana.<\/p>\n<p>\u201cNo podemos hablar en este momento de la vinculaci\u00f3n dado que las personas actualmente est\u00e1n aseguradas por una autoridad del Estado de M\u00e9xico, nosotros solicitamos la colaboraci\u00f3n y en ese sentido recibimos todo el apoyo. En este momento te puedo comentar que nuestro personal est\u00e1 acudiendo ante las autoridades de all\u00e1 para hacernos entrega de las seis personas\u201d, dijo.<\/p>\n<p>Detall\u00f3 que de las siete personas detenidas, una a\u00fan no es identificada, mientras que entre las otras seis se encuentra el autor material del homicidio; indic\u00f3 que entre las personas detenidas se encuentra un militar en activo de Guatemala. A\u00f1adi\u00f3 que, incluso, la familia ya denunci\u00f3.<\/p>\n<p>\u201cAl menos nosotros en el evento identificamos a siete personas, sobre todo por todo el mecanismo que se utiliz\u00f3 y en ese sentido tenemos cuando menos una persona. Te puedo decir que son originarios de distintas partes de la Rep\u00fablica, uno de ellos de la milicia guatemalteca en activo\u201d, apunt\u00f3.<\/p>\n","protected":false},"excerpt":{"rendered":"<p>A\u00fan hace falta detener a una persona por el homicidio registrado en la plaza comercial Antea el viernes pasado, inform\u00f3 Alejandro Echeverr\u00eda Cornejo, fiscal general del estado, quien coment\u00f3 que este lunes se traslad\u00f3 personal de la fiscal\u00eda al Estado de M\u00e9xico para traer a Quer\u00e9taro a las primeras seis personas detenidas. Echeverr\u00eda Cornejo mencion\u00f3 que a\u00fan se desconoce el<\/p>\n<div class=\"h10\"><\/div>\n<p><a class=\"more-link2 flat\" href=\"https:\/\/elconspirador.com.mx\/?p=28411\">Leer m\u00e1s<\/a><\/p>\n","protected":false},"author":1,"featured_media":28412,"comment_status":"open","ping_status":"open","sticky":false,"template":"","format":"standard","meta":{"om_disable_all_campaigns":false,"_uf_show_specific_survey":0,"_uf_disable_surveys":false},"categories":[1],"tags":[],"aioseo_notices":[],"_links":{"self":[{"href":"https:\/\/elconspirador.com.mx\/index.php?rest_route=\/wp\/v2\/posts\/28411"}],"collection":[{"href":"https:\/\/elconspirador.com.mx\/index.php?rest_route=\/wp\/v2\/posts"}],"about":[{"href":"https:\/\/elconspirador.com.mx\/index.php?rest_route=\/wp\/v2\/types\/post"}],"author":[{"embeddable":true,"href":"https:\/\/elconspirador.com.mx\/index.php?rest_route=\/wp\/v2\/users\/1"}],"replies":[{"embeddable":true,"href":"https:\/\/elconspirador.com.mx\/index.php?rest_route=%2Fwp%2Fv2%2Fcomments&post=28411"}],"version-history":[{"count":1,"href":"https:\/\/elconspirador.com.mx\/index.php?rest_route=\/wp\/v2\/posts\/28411\/revisions"}],"predecessor-version":[{"id":28413,"href":"https:\/\/elconspirador.com.mx\/index.php?rest_route=\/wp\/v2\/posts\/28411\/revisions\/28413"}],"wp:featuredmedia":[{"embeddable":true,"href":"https:\/\/elconspirador.com.mx\/index.php?rest_route=\/wp\/v2\/media\/28412"}],"wp:attachment":[{"href":"https:\/\/elconspirador.com.mx\/index.php?rest_route=%2Fwp%2Fv2%2Fmedia&parent=28411"}],"wp:term":[{"taxonomy":"category","embeddable":true,"href":"https:\/\/elconspirador.com.mx\/index.php?rest_route=%2Fwp%2Fv2%2Fcategories&post=28411"},{"taxonomy":"post_tag","embeddable":true,"href":"https:\/\/elconspirador.com.mx\/index.php?rest_route=%2Fwp%2Fv2%2Ftags&post=28411"}],"curies":[{"name":"wp","href":"https:\/\/api.w.org\/{rel}","templated":true}]}}