{"id":28420,"date":"2023-06-12T18:33:55","date_gmt":"2023-06-13T00:33:55","guid":{"rendered":"https:\/\/elconspirador.com.mx\/?p=28420"},"modified":"2023-06-12T18:33:55","modified_gmt":"2023-06-13T00:33:55","slug":"fiscalia-impulsa-busqueda-de-personas-en-queretaro","status":"publish","type":"post","link":"https:\/\/elconspirador.com.mx\/?p=28420","title":{"rendered":"FISCAL\u00cdA IMPULSA B\u00daSQUEDA DE PERSONAS EN QUER\u00c9TARO"},"content":{"rendered":"<p>Congregando a m\u00e1s de 80 empresas privadas, universidades, instituciones gubernamentales y medios de comunicaci\u00f3n; se materializ\u00f3 una alianza ciudadana convocada y encabezada por el Fiscal General, Alejandro Echeverr\u00eda Cornejo. El objetivo, establecer un mecanismo digital para la difusi\u00f3n m\u00e1xima de de las Alertas AMBER y las C\u00e9dulas de Identidad de Protocolo ALBA.<\/p>\n<p>Ante un problema nacional, como lo es la desaparici\u00f3n de personas, la Fiscal\u00eda General del Estado aprovechar\u00e1 el sistema inform\u00e1tico \u00fanico que nos comunica en Quer\u00e9taro, para digitalizar el proceso y facilitar al operador la emisi\u00f3n y dispersi\u00f3n de la c\u00e9dulas de Alerta AMBER y Protocolo ALBA.<br \/>\nEl alcance inmediato supera el mill\u00f3n y medio de personas en la zona metropolitana, para que todas y todos tengan informaci\u00f3n para ayudar a localizar una persona.<\/p>\n<p>\u201cLa Fiscal\u00eda de Quer\u00e9taro no es omisa. Somos responsables y sabemos qu\u00e9 hacer. Por ello, a siete a\u00f1os de creaci\u00f3n de la Fiscal\u00eda General del Estado, nos capacitamos y evolucionamos, al pasar de una Unidad de B\u00fasqueda de Personas, a una Fiscal\u00eda Especializada en la Investigaci\u00f3n y Persecuci\u00f3n del Delito de Desaparici\u00f3n Forzada de Personas y la Cometida por Particulares\u201d mencion\u00f3 Alejandro Echeverr\u00eda.<\/p>\n<p>Esta acci\u00f3n ciudadana, compromete a las empresas, instituciones p\u00fablicas y privadas, medios de comunicaci\u00f3n y a quienes aqu\u00ed vivimos; para que un caso, lograr la m\u00e1xima difusi\u00f3n y buscar a las personas cuando la Fiscal\u00eda General lo avise.<\/p>\n<p>Por su parte, el Gobernador del Estado, Mauricio Kuri Gonz\u00e1lez se\u00f1al\u00f3 que esta firma de convenio se da un paso crucial en la seguridad de nuestro estado, gracias a las redes y plataformas que nos ofrece la tecnolog\u00eda. En especial para dar -en Quer\u00e9taro- con el paradero de ni\u00f1as, ni\u00f1os, adolescentes y mujeres adultas no localizadas.<\/p>\n<p>\u201cHoy marcamos un antes y un despu\u00e9s en la seguridad de nuestro estado. Con la firma de este convenio y el uso de las herramientas digitales, unimos fuerzas para proteger a quienes m\u00e1s lo necesitan. Sepan que en este tema no hay descanso; la b\u00fasqueda no se detiene, la esperanza no se apagar\u00e1 y la justicia prevalecer\u00e1. Para que nadie haga falta\u201d, agreg\u00f3 Kuri Gonz\u00e1lez<\/p>\n<p>Para lograr la m\u00e1xima difusi\u00f3n, esta alianza ciudadana est\u00e1 acompa\u00f1ada por una campa\u00f1a de comunicaci\u00f3n social denominada \u201cConectar\u201d y se ha designado a Tere Alcancanta, locutora de Exa FM e integrante del Comit\u00e9 de Alerta AMBER. Durante su participaci\u00f3n mencion\u00f3 que, hoy m\u00e1s que nunca, debemos ser emp\u00e1ticos y solidarios ante las situaciones a las que todas y todos estamos expuestos. Cuando la Fiscal\u00eda General nos avise y pida apoyo para localizar a una persona, debemos asumir nuestro compromiso de colaboraci\u00f3n ciudadana.<\/p>\n<p>La Fiscal\u00eda Especializada para la b\u00fasqueda de personas, est\u00e1 integrada por mujeres y hombres certificados, que las 24 horas del d\u00eda y los 7 d\u00edas de la semana, con un trabajo multidisciplinario, buscan de manera exhaustiva e inmediata a todas las personas.<\/p>\n<p>\u201cEn 2023, del total de personas reportadas como no localizadas, se mantiene un 90% de eficiencia en su localizaci\u00f3n. En el 60% de estos casos, la Fiscal\u00eda logra su localizaci\u00f3n en un tiempo m\u00e1ximo de 24 horas; por ello, es importante resaltar que, de todas las personas reportadas como no localizadas, en el 98.2% por ciento de los casos, no fueron v\u00edctimas de delito\u201d agreg\u00f3 el Fiscal General del Estado.<\/p>\n","protected":false},"excerpt":{"rendered":"<p>Congregando a m\u00e1s de 80 empresas privadas, universidades, instituciones gubernamentales y medios de comunicaci\u00f3n; se materializ\u00f3 una alianza ciudadana convocada y encabezada por el Fiscal General, Alejandro Echeverr\u00eda Cornejo. El objetivo, establecer un mecanismo digital para la difusi\u00f3n m\u00e1xima de de las Alertas AMBER y las C\u00e9dulas de Identidad de Protocolo ALBA. Ante un problema nacional, como lo es la<\/p>\n<div class=\"h10\"><\/div>\n<p><a class=\"more-link2 flat\" href=\"https:\/\/elconspirador.com.mx\/?p=28420\">Leer m\u00e1s<\/a><\/p>\n","protected":false},"author":1,"featured_media":28421,"comment_status":"open","ping_status":"open","sticky":false,"template":"","format":"standard","meta":{"om_disable_all_campaigns":false,"_uf_show_specific_survey":0,"_uf_disable_surveys":false},"categories":[1],"tags":[],"aioseo_notices":[],"_links":{"self":[{"href":"https:\/\/elconspirador.com.mx\/index.php?rest_route=\/wp\/v2\/posts\/28420"}],"collection":[{"href":"https:\/\/elconspirador.com.mx\/index.php?rest_route=\/wp\/v2\/posts"}],"about":[{"href":"https:\/\/elconspirador.com.mx\/index.php?rest_route=\/wp\/v2\/types\/post"}],"author":[{"embeddable":true,"href":"https:\/\/elconspirador.com.mx\/index.php?rest_route=\/wp\/v2\/users\/1"}],"replies":[{"embeddable":true,"href":"https:\/\/elconspirador.com.mx\/index.php?rest_route=%2Fwp%2Fv2%2Fcomments&post=28420"}],"version-history":[{"count":1,"href":"https:\/\/elconspirador.com.mx\/index.php?rest_route=\/wp\/v2\/posts\/28420\/revisions"}],"predecessor-version":[{"id":28422,"href":"https:\/\/elconspirador.com.mx\/index.php?rest_route=\/wp\/v2\/posts\/28420\/revisions\/28422"}],"wp:featuredmedia":[{"embeddable":true,"href":"https:\/\/elconspirador.com.mx\/index.php?rest_route=\/wp\/v2\/media\/28421"}],"wp:attachment":[{"href":"https:\/\/elconspirador.com.mx\/index.php?rest_route=%2Fwp%2Fv2%2Fmedia&parent=28420"}],"wp:term":[{"taxonomy":"category","embeddable":true,"href":"https:\/\/elconspirador.com.mx\/index.php?rest_route=%2Fwp%2Fv2%2Fcategories&post=28420"},{"taxonomy":"post_tag","embeddable":true,"href":"https:\/\/elconspirador.com.mx\/index.php?rest_route=%2Fwp%2Fv2%2Ftags&post=28420"}],"curies":[{"name":"wp","href":"https:\/\/api.w.org\/{rel}","templated":true}]}}