{"id":28423,"date":"2023-06-12T13:35:11","date_gmt":"2023-06-12T19:35:11","guid":{"rendered":"https:\/\/elconspirador.com.mx\/?p=28423"},"modified":"2023-06-12T13:35:11","modified_gmt":"2023-06-12T19:35:11","slug":"queretaro-trabaja-por-los-50-proximos-anos","status":"publish","type":"post","link":"https:\/\/elconspirador.com.mx\/?p=28423","title":{"rendered":"QUER\u00c9TARO TRABAJA POR LOS 50 PR\u00d3XIMOS A\u00d1OS"},"content":{"rendered":"<p>La realidad de Quer\u00e9taro est\u00e1 sustentada por un conjunto de buenas noticias gracias a que se tiene una sociedad civil organizada, exigente y un gobierno comprometido, afirm\u00f3 el gobernador, Mauricio Kuri Gonz\u00e1lez, al encabezar la presentaci\u00f3n de los resultados que se obtuvieron durante la Segunda Asamblea de las Naciones Unidas para el H\u00e1bitat(ONU-Habitat), que se llev\u00f3 a cabo en Nairobi, Kenia, a cargo del titular de la Secretar\u00eda de Desarrollo Urbano y Obras P\u00fablicas (SDUOP), Fernando Gonz\u00e1lez Salinas.<\/p>\n<p>&nbsp;<\/p>\n<p>En el encuentro de di\u00e1logo con representantes de los medios de comunicaci\u00f3n, Contigo Informamos, Kuri Gonz\u00e1lezresalt\u00f3 que en este foro se envi\u00f3 una percepci\u00f3n de lo que es la entidad al mundo, pues brinda a Quer\u00e9taro una oportunidad \u00fanica para mostrar su compromiso con la construcci\u00f3n de ciudades inclusivas, seguras y sostenibles, impulsando as\u00ed el intercambio de buenas pr\u00e1cticas y pol\u00edticas p\u00fablicas para enfrentar los desaf\u00edos urbanos.<\/p>\n<p>&nbsp;<\/p>\n<p>&#8220;Por segundo a\u00f1o consecutivo el World Justice Project nos hab\u00eda puesto como el primer lugar en \u00cdndice de Estado de Derecho, tambi\u00e9n por segundo a\u00f1o consecutivo ven\u00edamos siendo el primer estado en el manejo del Sistema Penitenciario en el pa\u00eds (\u2026) fuimos tambi\u00e9n la semana pasada certificados por la Embajada de Estados Unidos con el nuevo modelo policial (\u2026) el IMCO nos hab\u00eda dado dos lugares arriba y solamente estamos por debajo de la Ciudad de M\u00e9xico, eso es una gran noticia para el estado&#8221;, manifest\u00f3.<\/p>\n<p>&nbsp;<\/p>\n<p>El mandatario estatal, celebr\u00f3 el trabajo que realizaron autoridades estatales y municipales para que el estado sea sede del foro del D\u00eda Mundial del H\u00e1bitat 2024, derivado, subray\u00f3, de los indicadores que colocan a la entidad en los primeros lugares a nivel nacional, entre los que destacan el primer lugar en ausencia de corrupci\u00f3n, con un Fiscal que s\u00ed atiende los temas del estado, una Polic\u00eda Estatal capacitada yequipada; donde se le apuesta a la energ\u00eda limpia, al agua y a la certidumbre jur\u00eddica.<\/p>\n<p>&nbsp;<\/p>\n<p>&#8220;A eso le apostamos en Quer\u00e9taro, a tener certidumbre jur\u00eddica a poder decirle a la gente aqu\u00ed s\u00ed apoyamos al emprendedor, aqu\u00ed s\u00ed apoyamos a la educaci\u00f3n, aqu\u00ed s\u00ed apoyamos a poder tener, a poder vivir en paz y eso fue lo que fueron a decir, tanto Luis, como Fernando, que aqu\u00ed vemos el Quer\u00e9taro de los pr\u00f3ximos 50 a\u00f1os&#8221;, precis\u00f3.<\/p>\n<p>&nbsp;<\/p>\n<p>En su intervenci\u00f3n, el secretario de Desarrollo Urbano y Obras P\u00fablicas, Fernando Gonz\u00e1lez Salinas, inform\u00f3 quetrabajan para que Quer\u00e9taro se convierta en el epicentro del di\u00e1logo urbano a nivel global, muestra de ello es suparticipaci\u00f3n en la Segunda Asamblea H\u00e1bitat de la ONU, donde fue la ciudad designada para ser anfitri\u00f3n de la \u201cObservancia Global del D\u00eda Mundial del H\u00e1bitat\u201d en 2024, evento que se realiz\u00f3 luego de ser suspendido a consecuencia de la pandemia por COVID-19.<\/p>\n<p>&nbsp;<\/p>\n<p>Detall\u00f3 que la Asamblea de ONU H\u00e1bitat se compone de 193 estados y actualmente M\u00e9xico la preside; esta se re\u00fane cada dos a\u00f1os para discutir y tomar decisiones a nivel global sobre los asentamientos humanos y el desarrollo urbano sostenible. En este contexto, comunic\u00f3 que el objetivo de su participaci\u00f3n fue mostrar los avances de Quer\u00e9taro en la implementaci\u00f3n de los ODS y la Nueva Agenda Urbana de la ONU H\u00e1bitat.<\/p>\n<p>&nbsp;<\/p>\n<p>Adem\u00e1s, particip\u00f3 en mesas de di\u00e1logo con l\u00edderes de Latinoam\u00e9rica y El Caribe, Am\u00e9rica del Norte, \u00c1frica, Europa, Ocean\u00eda y Asia. Tambi\u00e9n, report\u00f3 el fu<a name=\"_GoBack\"><\/a>ncionario estatal, tuvo la oportunidad de presentar los programas y proyectos m\u00e1s relevantes en materia de obra p\u00fablica como: Paseo 5 de Febrero, el Programa Estatal de Ordenamiento Territorial y Desarrollo Urbano (PEOTDU), Programa Estatal de Vivienda (PEV), Programa de Ordenaci\u00f3n de la Zona Metropolitana de San Juan del R\u00edo y Tequisquiapan(POZM SJR-TX), as\u00ed como los programas municipales de desarrollo urbano (PMDU).<\/p>\n<p>&nbsp;<\/p>\n<p>Gonz\u00e1lez Salinas, reiter\u00f3 que en consecuencia de estos logros durante esta Asamblea se firm\u00f3 el acuerdo para ser sede del D\u00eda Mundial del H\u00e1bitat 2024, que tiene como tema principal &#8220;Involucrar a los J\u00f3venes para Crear un Mejor Futuro Urbano&#8221;, y cuyo objetivo es conmemorar la importancia del h\u00e1bitat y concientizar sobre las pol\u00edticas p\u00fablicas de desarrollo sostenible que aseguren un h\u00e1bitat adecuado. Para este evento se espera una participaci\u00f3n de m\u00e1s de tres mil personas.<\/p>\n<p>&nbsp;<\/p>\n<p>Expres\u00f3 el inter\u00e9s de Gobierno del Estado para albergar el Foro Urbano Mundial 13, que se llevar\u00e1 a cabo en 2026. Derivado de las buenas pr\u00e1cticas urbanas e implementaci\u00f3n de los ODS, en diciembre de 2022, el Gobernador del Estado respondi\u00f3 la convocatoria y solicit\u00f3 ser sede de dicho foro. Este es el evento m\u00e1s importante a nivel mundial dedicado al debate, la discusi\u00f3n y creaci\u00f3n de soluciones a los retos urbanos.<\/p>\n<p>&nbsp;<\/p>\n<p>Refiri\u00f3 que a finales de junio del a\u00f1o pasado presentaron el proyecto Paseo 5 de Febrero, el cual destaca de muchos por ser un proyecto que implementa los ODS y la Nueva Agenda Urbana de ONU H\u00e1bitat; por ello, dijo, se present\u00f3 ante ONU H\u00c1BITAT en el Foro Urbano Mundial 11 celebrado en Katowice, Polonia y a ra\u00edz de esta participaci\u00f3n, en agosto de ese mismo a\u00f1o, la SRE dirigi\u00f3 su atenci\u00f3n a Quer\u00e9taro y lo identifica como el \u00fanico en el pa\u00eds y Latinoam\u00e9rica.\u200b<\/p>\n<p>&nbsp;<\/p>\n<p>Del mismo modo, el presidente municipal de Quer\u00e9taro, Luis Nava, asegur\u00f3 que las premisas de su gobierno est\u00e1n enfocadas en gobernar con rostro humano, haciendo la diferencia en la vida de la gente, con un desarrollo sostenible e incluyente para todos, con la mirada puesta en el futuro, acciones que expuso durante su participaci\u00f3n en la Segunda Asamblea de la ONU H\u00e1bitat.<\/p>\n<p>&nbsp;<\/p>\n<p>Asever\u00f3 que la capital est\u00e1 lista para ser sede del D\u00eda Mundial del H\u00e1bitat, por su ubicaci\u00f3n privilegiada, infraestructura y conectividad nacional e internacional, con su m\u00e1s de 10 mil habitaciones, un Centro Hist\u00f3rico Patrimonio de la Humanidad, y 10 Rutas Tur\u00edsticas que destacan lo mejor en gastronom\u00eda, el folklore, lugares hist\u00f3ricos. Este evento, indic\u00f3, ser\u00e1 un espacio de di\u00e1logo en torno a los desaf\u00edos que enfrentan las ciudades y sus capacidades para hacerles frente, reconociendo a las ciudades como el foco de los grandes cambios que requiere el planeta.<\/p>\n","protected":false},"excerpt":{"rendered":"<p>La realidad de Quer\u00e9taro est\u00e1 sustentada por un conjunto de buenas noticias gracias a que se tiene una sociedad civil organizada, exigente y un gobierno comprometido, afirm\u00f3 el gobernador, Mauricio Kuri Gonz\u00e1lez, al encabezar la presentaci\u00f3n de los resultados que se obtuvieron durante la Segunda Asamblea de las Naciones Unidas para el H\u00e1bitat(ONU-Habitat), que se llev\u00f3 a cabo en Nairobi,<\/p>\n<div class=\"h10\"><\/div>\n<p><a class=\"more-link2 flat\" href=\"https:\/\/elconspirador.com.mx\/?p=28423\">Leer m\u00e1s<\/a><\/p>\n","protected":false},"author":1,"featured_media":28424,"comment_status":"open","ping_status":"open","sticky":false,"template":"","format":"standard","meta":{"om_disable_all_campaigns":false,"_uf_show_specific_survey":0,"_uf_disable_surveys":false},"categories":[1],"tags":[],"aioseo_notices":[],"_links":{"self":[{"href":"https:\/\/elconspirador.com.mx\/index.php?rest_route=\/wp\/v2\/posts\/28423"}],"collection":[{"href":"https:\/\/elconspirador.com.mx\/index.php?rest_route=\/wp\/v2\/posts"}],"about":[{"href":"https:\/\/elconspirador.com.mx\/index.php?rest_route=\/wp\/v2\/types\/post"}],"author":[{"embeddable":true,"href":"https:\/\/elconspirador.com.mx\/index.php?rest_route=\/wp\/v2\/users\/1"}],"replies":[{"embeddable":true,"href":"https:\/\/elconspirador.com.mx\/index.php?rest_route=%2Fwp%2Fv2%2Fcomments&post=28423"}],"version-history":[{"count":1,"href":"https:\/\/elconspirador.com.mx\/index.php?rest_route=\/wp\/v2\/posts\/28423\/revisions"}],"predecessor-version":[{"id":28425,"href":"https:\/\/elconspirador.com.mx\/index.php?rest_route=\/wp\/v2\/posts\/28423\/revisions\/28425"}],"wp:featuredmedia":[{"embeddable":true,"href":"https:\/\/elconspirador.com.mx\/index.php?rest_route=\/wp\/v2\/media\/28424"}],"wp:attachment":[{"href":"https:\/\/elconspirador.com.mx\/index.php?rest_route=%2Fwp%2Fv2%2Fmedia&parent=28423"}],"wp:term":[{"taxonomy":"category","embeddable":true,"href":"https:\/\/elconspirador.com.mx\/index.php?rest_route=%2Fwp%2Fv2%2Fcategories&post=28423"},{"taxonomy":"post_tag","embeddable":true,"href":"https:\/\/elconspirador.com.mx\/index.php?rest_route=%2Fwp%2Fv2%2Ftags&post=28423"}],"curies":[{"name":"wp","href":"https:\/\/api.w.org\/{rel}","templated":true}]}}