{"id":28430,"date":"2023-06-12T19:43:59","date_gmt":"2023-06-13T01:43:59","guid":{"rendered":"https:\/\/elconspirador.com.mx\/?p=28430"},"modified":"2023-06-12T19:43:59","modified_gmt":"2023-06-13T01:43:59","slug":"nava-pide-mas-comunicacion-con-autoridades","status":"publish","type":"post","link":"https:\/\/elconspirador.com.mx\/?p=28430","title":{"rendered":"NAVA PIDE M\u00c1S COMUNICACI\u00d3N CON AUTORIDADES"},"content":{"rendered":"<p>Luis Bernardo Nava Guerrero, presidente municipal de Quer\u00e9taro, hizo un llamado a mejorar la comunicaci\u00f3n entre autoridades y directivos de las plazas y centros comerciales, esto luego del homicidio registrado el viernes pasado en Antea.<\/p>\n<p>\u201cEl llamado justamente es eso, a que tengamos esta coordinaci\u00f3n, esta comunicaci\u00f3n para poder actuar con oportunidad y que cualquier, ahorita lo dijo bien el gobernador, cualquier cosa que suceda, porque no estamos exentos a que sucedan cosas en el municipio, pero lo que s\u00ed es que si algo sucede no estaremos de brazos cruzados, sino que por el contrario tenemos que actuar oportunamente\u201d, se\u00f1al\u00f3.<\/p>\n<p>El alcalde cuestion\u00f3 que la empresa de seguridad privada no notificara de manera oportuna a las autoridades del homicidio, puesto que se enteraron del hecho por otros canales.<\/p>\n<p>\u201cNo puede ser que no hayamos recibido ninguna llamada a la l\u00ednea de emergencias, entonces propiamente la comunicaci\u00f3n se dio por otros canales y no de una manera directa, el que haya una reacci\u00f3n oportuna nos permite a nosotros el poder actuar y adem\u00e1s coordinadamente con las dem\u00e1s fuerzas, con dem\u00e1s corporaciones\u201d, enfatiz\u00f3.<\/p>\n<p>El alcalde se\u00f1al\u00f3 que estar\u00e1n a la espera de que se dictamine y apruebe la ley de seguridad privada en el Congreso local para crear el reglamento municipal correspondiente.<\/p>\n","protected":false},"excerpt":{"rendered":"<p>Luis Bernardo Nava Guerrero, presidente municipal de Quer\u00e9taro, hizo un llamado a mejorar la comunicaci\u00f3n entre autoridades y directivos de las plazas y centros comerciales, esto luego del homicidio registrado el viernes pasado en Antea. \u201cEl llamado justamente es eso, a que tengamos esta coordinaci\u00f3n, esta comunicaci\u00f3n para poder actuar con oportunidad y que cualquier, ahorita lo dijo bien el<\/p>\n<div class=\"h10\"><\/div>\n<p><a class=\"more-link2 flat\" href=\"https:\/\/elconspirador.com.mx\/?p=28430\">Leer m\u00e1s<\/a><\/p>\n","protected":false},"author":1,"featured_media":28431,"comment_status":"open","ping_status":"open","sticky":false,"template":"","format":"standard","meta":{"om_disable_all_campaigns":false,"_uf_show_specific_survey":0,"_uf_disable_surveys":false},"categories":[1],"tags":[],"aioseo_notices":[],"_links":{"self":[{"href":"https:\/\/elconspirador.com.mx\/index.php?rest_route=\/wp\/v2\/posts\/28430"}],"collection":[{"href":"https:\/\/elconspirador.com.mx\/index.php?rest_route=\/wp\/v2\/posts"}],"about":[{"href":"https:\/\/elconspirador.com.mx\/index.php?rest_route=\/wp\/v2\/types\/post"}],"author":[{"embeddable":true,"href":"https:\/\/elconspirador.com.mx\/index.php?rest_route=\/wp\/v2\/users\/1"}],"replies":[{"embeddable":true,"href":"https:\/\/elconspirador.com.mx\/index.php?rest_route=%2Fwp%2Fv2%2Fcomments&post=28430"}],"version-history":[{"count":1,"href":"https:\/\/elconspirador.com.mx\/index.php?rest_route=\/wp\/v2\/posts\/28430\/revisions"}],"predecessor-version":[{"id":28432,"href":"https:\/\/elconspirador.com.mx\/index.php?rest_route=\/wp\/v2\/posts\/28430\/revisions\/28432"}],"wp:featuredmedia":[{"embeddable":true,"href":"https:\/\/elconspirador.com.mx\/index.php?rest_route=\/wp\/v2\/media\/28431"}],"wp:attachment":[{"href":"https:\/\/elconspirador.com.mx\/index.php?rest_route=%2Fwp%2Fv2%2Fmedia&parent=28430"}],"wp:term":[{"taxonomy":"category","embeddable":true,"href":"https:\/\/elconspirador.com.mx\/index.php?rest_route=%2Fwp%2Fv2%2Fcategories&post=28430"},{"taxonomy":"post_tag","embeddable":true,"href":"https:\/\/elconspirador.com.mx\/index.php?rest_route=%2Fwp%2Fv2%2Ftags&post=28430"}],"curies":[{"name":"wp","href":"https:\/\/api.w.org\/{rel}","templated":true}]}}