{"id":28437,"date":"2023-06-13T05:58:14","date_gmt":"2023-06-13T11:58:14","guid":{"rendered":"https:\/\/elconspirador.com.mx\/?p=28437"},"modified":"2023-06-13T05:58:14","modified_gmt":"2023-06-13T11:58:14","slug":"va-nava-vs-violencia-hacia-ninos-y-ninas","status":"publish","type":"post","link":"https:\/\/elconspirador.com.mx\/?p=28437","title":{"rendered":"VA NAVA VS VIOLENCIA HACIA NI\u00d1OS Y NI\u00d1AS"},"content":{"rendered":"<p>El Presidente Municipal de Quer\u00e9taro, Luis Nava, encabez\u00f3 junto con su esposa y Presidenta del Patronato del Sistema Municipal DIF, Arah\u00ed Dom\u00ednguez, una reuni\u00f3n de trabajo con el Procurador de Protecci\u00f3n de Ni\u00f1as, Ni\u00f1os y Adolescentes, para evaluar las estrategias que permitan mejorar la calidad de vida de\u00a0 ni\u00f1as, ni\u00f1os y adolescentes que actualmente viven en situaci\u00f3n de mendicidad o trabajo en calle.<\/p>\n<p>Cabe destacar que esta administraci\u00f3n municipal emprendi\u00f3 una campa\u00f1a para atender y prevenir el trabajo infantil urbano marginal a trav\u00e9s de la Procuradur\u00eda de Protecci\u00f3n de NNA y los servicios de los Centros de D\u00eda del SMDIF.<\/p>\n","protected":false},"excerpt":{"rendered":"<p>El Presidente Municipal de Quer\u00e9taro, Luis Nava, encabez\u00f3 junto con su esposa y Presidenta del Patronato del Sistema Municipal DIF, Arah\u00ed Dom\u00ednguez, una reuni\u00f3n de trabajo con el Procurador de Protecci\u00f3n de Ni\u00f1as, Ni\u00f1os y Adolescentes, para evaluar las estrategias que permitan mejorar la calidad de vida de\u00a0 ni\u00f1as, ni\u00f1os y adolescentes que actualmente viven en situaci\u00f3n de mendicidad o<\/p>\n<div class=\"h10\"><\/div>\n<p><a class=\"more-link2 flat\" href=\"https:\/\/elconspirador.com.mx\/?p=28437\">Leer m\u00e1s<\/a><\/p>\n","protected":false},"author":1,"featured_media":28438,"comment_status":"open","ping_status":"open","sticky":false,"template":"","format":"standard","meta":{"om_disable_all_campaigns":false,"_uf_show_specific_survey":0,"_uf_disable_surveys":false},"categories":[1],"tags":[],"aioseo_notices":[],"_links":{"self":[{"href":"https:\/\/elconspirador.com.mx\/index.php?rest_route=\/wp\/v2\/posts\/28437"}],"collection":[{"href":"https:\/\/elconspirador.com.mx\/index.php?rest_route=\/wp\/v2\/posts"}],"about":[{"href":"https:\/\/elconspirador.com.mx\/index.php?rest_route=\/wp\/v2\/types\/post"}],"author":[{"embeddable":true,"href":"https:\/\/elconspirador.com.mx\/index.php?rest_route=\/wp\/v2\/users\/1"}],"replies":[{"embeddable":true,"href":"https:\/\/elconspirador.com.mx\/index.php?rest_route=%2Fwp%2Fv2%2Fcomments&post=28437"}],"version-history":[{"count":1,"href":"https:\/\/elconspirador.com.mx\/index.php?rest_route=\/wp\/v2\/posts\/28437\/revisions"}],"predecessor-version":[{"id":28439,"href":"https:\/\/elconspirador.com.mx\/index.php?rest_route=\/wp\/v2\/posts\/28437\/revisions\/28439"}],"wp:featuredmedia":[{"embeddable":true,"href":"https:\/\/elconspirador.com.mx\/index.php?rest_route=\/wp\/v2\/media\/28438"}],"wp:attachment":[{"href":"https:\/\/elconspirador.com.mx\/index.php?rest_route=%2Fwp%2Fv2%2Fmedia&parent=28437"}],"wp:term":[{"taxonomy":"category","embeddable":true,"href":"https:\/\/elconspirador.com.mx\/index.php?rest_route=%2Fwp%2Fv2%2Fcategories&post=28437"},{"taxonomy":"post_tag","embeddable":true,"href":"https:\/\/elconspirador.com.mx\/index.php?rest_route=%2Fwp%2Fv2%2Ftags&post=28437"}],"curies":[{"name":"wp","href":"https:\/\/api.w.org\/{rel}","templated":true}]}}