{"id":28469,"date":"2023-06-13T11:04:50","date_gmt":"2023-06-13T17:04:50","guid":{"rendered":"https:\/\/elconspirador.com.mx\/?p=28469"},"modified":"2023-06-13T11:13:43","modified_gmt":"2023-06-13T17:13:43","slug":"disminuyen-menores-en-situacion-de-calle-en-la-capital","status":"publish","type":"post","link":"https:\/\/elconspirador.com.mx\/?p=28469","title":{"rendered":"DISMINUYEN MENORES EN SITUACI\u00d3N DE CALLE EN LA CAPITAL"},"content":{"rendered":"<p>En lo que va del a\u00f1o, se ha disminuido un 57.7 por ciento la presencia de menores en situaci\u00f3n de calle en el municipio de Quer\u00e9taro, dio a conocer Francisco Javier de \u00c1vila Espinosa, procurador de protecci\u00f3n de ni\u00f1as, ni\u00f1os y adolescentes de la capital.<\/p>\n<p>En el marco del D\u00eda Mundial contra el trabajo infantil, el funcionario detall\u00f3 que de enero a mayo de 2022 se identific\u00f3 a alrededor de 600 ni\u00f1os en situaci\u00f3n de calle, mientras que en el mismo periodo de este a\u00f1o han detectado a 343.<\/p>\n<p>\u201cHemos sido muy claros, la estrategia principal es no criminalizar la pobreza, sino darles una alternativa a estas familias para que puedan brindarles factores de protecci\u00f3n integral y que el lugar del ni\u00f1o no sea un sem\u00e1foro o la calle\u201d, indic\u00f3.<\/p>\n<p>Mencion\u00f3 que, actualmente, se cuenta con 202 usuarios en los centros de d\u00eda B\u00e4tsi, de los cuales 102 son ni\u00f1as y 100 ni\u00f1os; del total, 37 son ni\u00f1as y 38 ni\u00f1os de origen ind\u00edgenas, predominando las edades de entre tres y seis a\u00f1os edad, mientras que los adolescentes de entre 13 a 17 a\u00f1os son quienes menor presencia tienen.<\/p>\n<p>En cuanto al lugar de origen, mencion\u00f3 que provienen de los estados de Chiapas, Oaxaca, Guerrero, Estado de M\u00e9xico y Guanajuato, as\u00ed como del municipio de Amealco de Bonfil, mientras que los lugares donde mayormente se detecta a menores en situaci\u00f3n de calle son San Francisquito, Lomas de Casa Blanca, El Tepetate y Las Margaritas.<\/p>\n<p>Adem\u00e1s, record\u00f3 que este a\u00f1o se han iniciado \u00fanicamente dos carpetas de investigaci\u00f3n, una en enero por el caso de un menor de 12 a\u00f1os y otra en febrero, cuando se identific\u00f3 a un adolescente de 16 a\u00f1os en mendicidad y en estado inconveniente.<\/p>\n","protected":false},"excerpt":{"rendered":"<p>En lo que va del a\u00f1o, se ha disminuido un 57.7 por ciento la presencia de menores en situaci\u00f3n de calle en el municipio de Quer\u00e9taro, dio a conocer Francisco Javier de \u00c1vila Espinosa, procurador de protecci\u00f3n de ni\u00f1as, ni\u00f1os y adolescentes de la capital. En el marco del D\u00eda Mundial contra el trabajo infantil, el funcionario detall\u00f3 que de<\/p>\n<div class=\"h10\"><\/div>\n<p><a class=\"more-link2 flat\" href=\"https:\/\/elconspirador.com.mx\/?p=28469\">Leer m\u00e1s<\/a><\/p>\n","protected":false},"author":1,"featured_media":28470,"comment_status":"open","ping_status":"open","sticky":false,"template":"","format":"standard","meta":{"om_disable_all_campaigns":false,"_uf_show_specific_survey":0,"_uf_disable_surveys":false},"categories":[1],"tags":[],"aioseo_notices":[],"_links":{"self":[{"href":"https:\/\/elconspirador.com.mx\/index.php?rest_route=\/wp\/v2\/posts\/28469"}],"collection":[{"href":"https:\/\/elconspirador.com.mx\/index.php?rest_route=\/wp\/v2\/posts"}],"about":[{"href":"https:\/\/elconspirador.com.mx\/index.php?rest_route=\/wp\/v2\/types\/post"}],"author":[{"embeddable":true,"href":"https:\/\/elconspirador.com.mx\/index.php?rest_route=\/wp\/v2\/users\/1"}],"replies":[{"embeddable":true,"href":"https:\/\/elconspirador.com.mx\/index.php?rest_route=%2Fwp%2Fv2%2Fcomments&post=28469"}],"version-history":[{"count":1,"href":"https:\/\/elconspirador.com.mx\/index.php?rest_route=\/wp\/v2\/posts\/28469\/revisions"}],"predecessor-version":[{"id":28471,"href":"https:\/\/elconspirador.com.mx\/index.php?rest_route=\/wp\/v2\/posts\/28469\/revisions\/28471"}],"wp:featuredmedia":[{"embeddable":true,"href":"https:\/\/elconspirador.com.mx\/index.php?rest_route=\/wp\/v2\/media\/28470"}],"wp:attachment":[{"href":"https:\/\/elconspirador.com.mx\/index.php?rest_route=%2Fwp%2Fv2%2Fmedia&parent=28469"}],"wp:term":[{"taxonomy":"category","embeddable":true,"href":"https:\/\/elconspirador.com.mx\/index.php?rest_route=%2Fwp%2Fv2%2Fcategories&post=28469"},{"taxonomy":"post_tag","embeddable":true,"href":"https:\/\/elconspirador.com.mx\/index.php?rest_route=%2Fwp%2Fv2%2Ftags&post=28469"}],"curies":[{"name":"wp","href":"https:\/\/api.w.org\/{rel}","templated":true}]}}