{"id":28477,"date":"2023-06-13T13:14:51","date_gmt":"2023-06-13T19:14:51","guid":{"rendered":"https:\/\/elconspirador.com.mx\/?p=28477"},"modified":"2023-06-13T13:14:51","modified_gmt":"2023-06-13T19:14:51","slug":"sancionaran-a-carin-leon-por-su-cancelacion","status":"publish","type":"post","link":"https:\/\/elconspirador.com.mx\/?p=28477","title":{"rendered":"SANCIONAR\u00c1N A CARIN LE\u00d3N POR SU CANCELACI\u00d3N"},"content":{"rendered":"<p>Arturo Molina Zamora, secretario de gobierno de Quer\u00e9taro, inform\u00f3 que se est\u00e1 analizando imponer una sanci\u00f3n a la empresa organizadora del evento de Carin Le\u00f3n, el cual fue suspendido el s\u00e1bado pasado.<\/p>\n<p>En rueda de prensa, indic\u00f3 que la sanci\u00f3n ser\u00eda a los organizadores por tratarse de una causa imputable a ellos, esto debido a que hubo una falla en la planta de luz que ocasion\u00f3 que el concierto no se llevara a cabo.<\/p>\n<p>\u201cEs el incumplimiento para saber qui\u00e9n tuvo la culpa u en todo caso por qu\u00e9 no se prest\u00f3 el servicio, recordar\u00e1n que ya ha habido otros eventos donde, por ejemplo, en el pop tour fue un tema climatol\u00f3gico y se decidi\u00f3 no llevar a cabo el evento hasta m\u00e1s tarde\u201d, dijo.<\/p>\n<p>Indic\u00f3 que, salvo el tema de la energ\u00eda, el organizador cumpli\u00f3 con el aforo y el horario permitido para la venta de alcohol; adem\u00e1s, se\u00f1al\u00f3 que, hasta ahora, no se ha tramitado un nuevo visto bueno para reprogramar el concierto, el cual debe solicitarse con 15 d\u00edas de anticipaci\u00f3n a la fecha del evento.<\/p>\n<p>Molina Zamora apunt\u00f3 que quienes compraron boleto para el concierto tienen dos opiniones, esperar a que se re programe o solicitar el reembolso por el costo total del boleto.<\/p>\n<p>\u201cNosotros tenemos una fianza para poder garantizar cualquier incumplimiento que hubiera al respecto. Vamos a analizar, vamos a tener esta reuni\u00f3n con el estado para revisar est\u00e1s causas&#8221;, a\u00f1adi\u00f3.<\/p>\n","protected":false},"excerpt":{"rendered":"<p>Arturo Molina Zamora, secretario de gobierno de Quer\u00e9taro, inform\u00f3 que se est\u00e1 analizando imponer una sanci\u00f3n a la empresa organizadora del evento de Carin Le\u00f3n, el cual fue suspendido el s\u00e1bado pasado. En rueda de prensa, indic\u00f3 que la sanci\u00f3n ser\u00eda a los organizadores por tratarse de una causa imputable a ellos, esto debido a que hubo una falla en<\/p>\n<div class=\"h10\"><\/div>\n<p><a class=\"more-link2 flat\" href=\"https:\/\/elconspirador.com.mx\/?p=28477\">Leer m\u00e1s<\/a><\/p>\n","protected":false},"author":1,"featured_media":28478,"comment_status":"open","ping_status":"open","sticky":false,"template":"","format":"standard","meta":{"om_disable_all_campaigns":false,"_uf_show_specific_survey":0,"_uf_disable_surveys":false},"categories":[1],"tags":[],"aioseo_notices":[],"_links":{"self":[{"href":"https:\/\/elconspirador.com.mx\/index.php?rest_route=\/wp\/v2\/posts\/28477"}],"collection":[{"href":"https:\/\/elconspirador.com.mx\/index.php?rest_route=\/wp\/v2\/posts"}],"about":[{"href":"https:\/\/elconspirador.com.mx\/index.php?rest_route=\/wp\/v2\/types\/post"}],"author":[{"embeddable":true,"href":"https:\/\/elconspirador.com.mx\/index.php?rest_route=\/wp\/v2\/users\/1"}],"replies":[{"embeddable":true,"href":"https:\/\/elconspirador.com.mx\/index.php?rest_route=%2Fwp%2Fv2%2Fcomments&post=28477"}],"version-history":[{"count":1,"href":"https:\/\/elconspirador.com.mx\/index.php?rest_route=\/wp\/v2\/posts\/28477\/revisions"}],"predecessor-version":[{"id":28479,"href":"https:\/\/elconspirador.com.mx\/index.php?rest_route=\/wp\/v2\/posts\/28477\/revisions\/28479"}],"wp:featuredmedia":[{"embeddable":true,"href":"https:\/\/elconspirador.com.mx\/index.php?rest_route=\/wp\/v2\/media\/28478"}],"wp:attachment":[{"href":"https:\/\/elconspirador.com.mx\/index.php?rest_route=%2Fwp%2Fv2%2Fmedia&parent=28477"}],"wp:term":[{"taxonomy":"category","embeddable":true,"href":"https:\/\/elconspirador.com.mx\/index.php?rest_route=%2Fwp%2Fv2%2Fcategories&post=28477"},{"taxonomy":"post_tag","embeddable":true,"href":"https:\/\/elconspirador.com.mx\/index.php?rest_route=%2Fwp%2Fv2%2Ftags&post=28477"}],"curies":[{"name":"wp","href":"https:\/\/api.w.org\/{rel}","templated":true}]}}