{"id":28494,"date":"2023-06-13T14:51:34","date_gmt":"2023-06-13T20:51:34","guid":{"rendered":"https:\/\/elconspirador.com.mx\/?p=28494"},"modified":"2023-06-13T14:51:34","modified_gmt":"2023-06-13T20:51:34","slug":"detenidos-por-ejecucion-en-antea-siguen-en-edo-mex","status":"publish","type":"post","link":"https:\/\/elconspirador.com.mx\/?p=28494","title":{"rendered":"DETENIDOS POR EJECUCI\u00d3N EN ANTEA SIGUEN EN EDO. MEX."},"content":{"rendered":"<p>La Presidenta del Tribunal Superior de Justicia, confirm\u00f3 que les fueron solicitadas las seis \u00f3rdenes de aprehensi\u00f3n, por el caso de Antea, a\u00fan que aclar\u00f3 que los detenidos a\u00fan no han sido presentados ante el juez que los requiere, por qu\u00e9 contin\u00faan en el Estado de M\u00e9xico.<\/p>\n<p>El pasado viernes el empresario David &#8220;P&#8221; de 30 a\u00f1os de edad originario de Aguascalientes, fue ultimado a balazos al exterior del restaurante Antonella, d\u00f3nde su pareja tambi\u00e9n result\u00f3 lesionada y fue trasladada a un hospital.<\/p>\n<p>Hoy se sabe que el empresario ven\u00eda a una boda al estado de Quer\u00e9taro y que hab\u00eda rentado una casa por aplicaci\u00f3n, adem\u00e1s se conoci\u00f3 que ten\u00eda un negocio de venta de semillas y cereales, en la Central de Abastos de Quer\u00e9taro.<\/p>\n<p>Los detenidos son cinco hombres y una mujer, dos de ellos extranjeros de El Salvador y Guatemala, dos m\u00e1s de Veracruz, uno de la Ciudad de M\u00e9xico y la mujer de Puebla, a quienes les aseguraron tres armas de fuego calibre 9mm, cartuchos, celulares y dos veh\u00edculos.<\/p>\n<p>Su detenci\u00f3n se logr\u00f3 gracias a la coordinaci\u00f3n de la Secretar\u00eda de Seguridad Ciudadana, con su hom\u00f3loga del Estado de M\u00e9xico, que al ubicar los veh\u00edculos referidos entrando al Estado de M\u00e9xico, implement\u00f3 un operativo para su detenci\u00f3n.<\/p>\n<p>A\u00fan que el Fiscal del Estado, Alejandro Echeverr\u00eda Cornejo inform\u00f3 que a\u00fan falta un implicado por detener, la Magistrada mencion\u00f3 que a\u00fan no les ha sido solicitada ninguna otra orden de aprehensi\u00f3n por ese caso y tambi\u00e9n faltar\u00eda localizar la motocicleta en la que escap\u00f3 el sicario.<\/p>\n","protected":false},"excerpt":{"rendered":"<p>La Presidenta del Tribunal Superior de Justicia, confirm\u00f3 que les fueron solicitadas las seis \u00f3rdenes de aprehensi\u00f3n, por el caso de Antea, a\u00fan que aclar\u00f3 que los detenidos a\u00fan no han sido presentados ante el juez que los requiere, por qu\u00e9 contin\u00faan en el Estado de M\u00e9xico. El pasado viernes el empresario David &#8220;P&#8221; de 30 a\u00f1os de edad originario<\/p>\n<div class=\"h10\"><\/div>\n<p><a class=\"more-link2 flat\" href=\"https:\/\/elconspirador.com.mx\/?p=28494\">Leer m\u00e1s<\/a><\/p>\n","protected":false},"author":1,"featured_media":28495,"comment_status":"open","ping_status":"open","sticky":false,"template":"","format":"standard","meta":{"om_disable_all_campaigns":false,"_uf_show_specific_survey":0,"_uf_disable_surveys":false},"categories":[1],"tags":[],"aioseo_notices":[],"_links":{"self":[{"href":"https:\/\/elconspirador.com.mx\/index.php?rest_route=\/wp\/v2\/posts\/28494"}],"collection":[{"href":"https:\/\/elconspirador.com.mx\/index.php?rest_route=\/wp\/v2\/posts"}],"about":[{"href":"https:\/\/elconspirador.com.mx\/index.php?rest_route=\/wp\/v2\/types\/post"}],"author":[{"embeddable":true,"href":"https:\/\/elconspirador.com.mx\/index.php?rest_route=\/wp\/v2\/users\/1"}],"replies":[{"embeddable":true,"href":"https:\/\/elconspirador.com.mx\/index.php?rest_route=%2Fwp%2Fv2%2Fcomments&post=28494"}],"version-history":[{"count":1,"href":"https:\/\/elconspirador.com.mx\/index.php?rest_route=\/wp\/v2\/posts\/28494\/revisions"}],"predecessor-version":[{"id":28496,"href":"https:\/\/elconspirador.com.mx\/index.php?rest_route=\/wp\/v2\/posts\/28494\/revisions\/28496"}],"wp:featuredmedia":[{"embeddable":true,"href":"https:\/\/elconspirador.com.mx\/index.php?rest_route=\/wp\/v2\/media\/28495"}],"wp:attachment":[{"href":"https:\/\/elconspirador.com.mx\/index.php?rest_route=%2Fwp%2Fv2%2Fmedia&parent=28494"}],"wp:term":[{"taxonomy":"category","embeddable":true,"href":"https:\/\/elconspirador.com.mx\/index.php?rest_route=%2Fwp%2Fv2%2Fcategories&post=28494"},{"taxonomy":"post_tag","embeddable":true,"href":"https:\/\/elconspirador.com.mx\/index.php?rest_route=%2Fwp%2Fv2%2Ftags&post=28494"}],"curies":[{"name":"wp","href":"https:\/\/api.w.org\/{rel}","templated":true}]}}