{"id":28505,"date":"2023-06-13T18:40:17","date_gmt":"2023-06-14T00:40:17","guid":{"rendered":"https:\/\/elconspirador.com.mx\/?p=28505"},"modified":"2023-06-13T18:40:17","modified_gmt":"2023-06-14T00:40:17","slug":"detienen-a-11-personas-por-agredir-policias-en-pedro-escobedo","status":"publish","type":"post","link":"https:\/\/elconspirador.com.mx\/?p=28505","title":{"rendered":"DETIENEN A 11 PERSONAS POR AGREDIR POLIC\u00cdAS EN PEDRO ESCOBEDO"},"content":{"rendered":"<p>Este martes a las 08:30 horas, se dio cumplimiento a una orden de aprehensi\u00f3n emitida por un Juez de Control del Poder Judicial del Estado de Quer\u00e9taro, por la posible participaci\u00f3n de dos personas en el despojo de un predio en El Sabino, Pedro Escobedo. Actualmente, ambas personas est\u00e1n en el Centro de Reinserci\u00f3n Social a disposici\u00f3n de la autoridad penitenciaria.<\/p>\n<p>Derivado de los actos de investigaci\u00f3n y posterior a la detenci\u00f3n de los ahora imputados, un grupo de habitantes de la zona, cerraron el paso a los elementos de investigaci\u00f3n. Por ello, se solicit\u00f3 apoyo de la Polic\u00eda Estatal y de la Polic\u00eda Municipal de Pedro Escobedo y Huimilpan.<\/p>\n<p>En relaci\u00f3n a estos \u00faltimos hechos, las personas que all\u00ed se encontraban, comenzaron a comportarse de manera agresiva contra los elementos policiales, por lo que despu\u00e9s de las 13:00hrs. se realiz\u00f3 la detenci\u00f3n de 9 personas m\u00e1s, una de ellas con orden de aprehensi\u00f3n por los hechos investigados.<\/p>\n<p>Derivado del comportamiento de las personas agresoras, cuatro polic\u00edas resultaron lesionados, y reciben atenci\u00f3n m\u00e9dica, sin que ninguna herida ponga en riesgo su vida. Todas las personas se encuentran a disposici\u00f3n de la autoridad correspondiente para seguir con las investigaciones y definir la situaci\u00f3n jur\u00eddica de cada una de las personas.<\/p>\n","protected":false},"excerpt":{"rendered":"<p>Este martes a las 08:30 horas, se dio cumplimiento a una orden de aprehensi\u00f3n emitida por un Juez de Control del Poder Judicial del Estado de Quer\u00e9taro, por la posible participaci\u00f3n de dos personas en el despojo de un predio en El Sabino, Pedro Escobedo. Actualmente, ambas personas est\u00e1n en el Centro de Reinserci\u00f3n Social a disposici\u00f3n de la autoridad<\/p>\n<div class=\"h10\"><\/div>\n<p><a class=\"more-link2 flat\" href=\"https:\/\/elconspirador.com.mx\/?p=28505\">Leer m\u00e1s<\/a><\/p>\n","protected":false},"author":1,"featured_media":28507,"comment_status":"open","ping_status":"open","sticky":false,"template":"","format":"standard","meta":{"om_disable_all_campaigns":false,"_uf_show_specific_survey":0,"_uf_disable_surveys":false},"categories":[1],"tags":[],"aioseo_notices":[],"_links":{"self":[{"href":"https:\/\/elconspirador.com.mx\/index.php?rest_route=\/wp\/v2\/posts\/28505"}],"collection":[{"href":"https:\/\/elconspirador.com.mx\/index.php?rest_route=\/wp\/v2\/posts"}],"about":[{"href":"https:\/\/elconspirador.com.mx\/index.php?rest_route=\/wp\/v2\/types\/post"}],"author":[{"embeddable":true,"href":"https:\/\/elconspirador.com.mx\/index.php?rest_route=\/wp\/v2\/users\/1"}],"replies":[{"embeddable":true,"href":"https:\/\/elconspirador.com.mx\/index.php?rest_route=%2Fwp%2Fv2%2Fcomments&post=28505"}],"version-history":[{"count":1,"href":"https:\/\/elconspirador.com.mx\/index.php?rest_route=\/wp\/v2\/posts\/28505\/revisions"}],"predecessor-version":[{"id":28508,"href":"https:\/\/elconspirador.com.mx\/index.php?rest_route=\/wp\/v2\/posts\/28505\/revisions\/28508"}],"wp:featuredmedia":[{"embeddable":true,"href":"https:\/\/elconspirador.com.mx\/index.php?rest_route=\/wp\/v2\/media\/28507"}],"wp:attachment":[{"href":"https:\/\/elconspirador.com.mx\/index.php?rest_route=%2Fwp%2Fv2%2Fmedia&parent=28505"}],"wp:term":[{"taxonomy":"category","embeddable":true,"href":"https:\/\/elconspirador.com.mx\/index.php?rest_route=%2Fwp%2Fv2%2Fcategories&post=28505"},{"taxonomy":"post_tag","embeddable":true,"href":"https:\/\/elconspirador.com.mx\/index.php?rest_route=%2Fwp%2Fv2%2Ftags&post=28505"}],"curies":[{"name":"wp","href":"https:\/\/api.w.org\/{rel}","templated":true}]}}