{"id":28528,"date":"2023-06-13T22:08:02","date_gmt":"2023-06-14T04:08:02","guid":{"rendered":"https:\/\/elconspirador.com.mx\/?p=28528"},"modified":"2023-06-13T22:08:02","modified_gmt":"2023-06-14T04:08:02","slug":"aprueba-cabildo-programa-de-mejora-regulatoria","status":"publish","type":"post","link":"https:\/\/elconspirador.com.mx\/?p=28528","title":{"rendered":"APRUEBA CABILDO PROGRAMA DE MEJORA REGULATORIA"},"content":{"rendered":"<p>En Sesi\u00f3n Ordinaria de Cabildo, el H. Ayuntamiento de Quer\u00e9taro aprob\u00f3 el Programa Anual de Mejora Regulatoria, el cual consta de 11 proyectos y 6 paquetes de acciones de simplificaci\u00f3n que abarcan 52 tr\u00e1mites y servicios, y con el cual se promueve la participaci\u00f3n ciudadana, la innovaci\u00f3n y las nuevas tecnolog\u00edas, para seguir construyendo el Quer\u00e9taro que queremos.<\/p>\n<p>Adem\u00e1s, el H. Ayuntamiento aprob\u00f3 la entrega de Preseas y Homenajes P\u00f3stumos con motivo del 492 aniversario de la fundaci\u00f3n de la ciudad de Santiago de Quer\u00e9taro a celebrarse en el mes de julio.<\/p>\n<p>Tras un proceso de participaci\u00f3n ciudadana, los designados son: el Instituto Mexicano de Oftalmolog\u00eda I.A.P., con la presea Do\u00f1a Josefa Vergara y Hern\u00e1ndez; Jaime Blanc Zamora, para la presea Germ\u00e1n Pati\u00f1o D\u00edaz; Armando Mart\u00ednez Olgu\u00edn, con la presea Epigmenio Gonz\u00e1lez; Mar\u00eda del Carmen Siurob Carvajal, la presea Jos\u00e9 Ignacio Ruiz Calado; a Guadalupe Flavia Loarca Pi\u00f1a, la presea Dr. Jos\u00e9 Ma. V\u00e9rtiz Delgado; a Jos\u00e9 Antonio Romero de la Torre la presea Pedro \u201cel Mago Septi\u00e9n.<\/p>\n<p>Para Araceli Ard\u00f3n Mart\u00ednez, se entregar\u00e1 la presea Fray IsidroF\u00e9lix de Espinoza; al Sargento 2\/o. Conductor Pablo de la Cruz Mart\u00ednez, la presea Dami\u00e1n Carmona; y para Nadia Sierra Campos, la presea Do\u00f1a Josefa Ortiz. Para los Homenajes P\u00f3stumos se anunci\u00f3 a: Paula Margarita de Allende Flores y al Dr. Faustino Llamas Ibarra. Todos ellos en reconocimiento de su esfuerzo, trabajo y dedicaci\u00f3n al desarrollo de las y los habitantes del municipio.<\/p>\n<p>En la misma sesi\u00f3n de cabildo se aprob\u00f3 la asignaci\u00f3n de uso de suelo para el predio ubicado dentro del \u00e1rea de uso com\u00fan del Ejido el Nabo; as\u00ed como la asignaci\u00f3n de uso y destino, para los Proyectos denominados, \u201cCentros de Innovaci\u00f3n y Creatividad, Quer\u00e9taro\u201d y \u201cComplejo Din\u00e1mico\u201d, en su primera etapa, ambos ubicados en la delegaci\u00f3n Epigmenio Gonz\u00e1lez.<\/p>\n<p>Por \u00faltimo, se reconoci\u00f3 como beneficiaria del finado Roberto S\u00e1nchez Suarez a la ciudadana Judith N\u00fa\u00f1ez Ibarra, y se aprob\u00f3 dar inicio al tr\u00e1mite de pensi\u00f3n por muerte.<\/p>\n<p>Durante la sesi\u00f3n tambi\u00e9n estuvieron presentes los j\u00f3venes integrantes del Consejo Juvenil Universitario del Estado de Quer\u00e9taro, qur acudieron a conocer el trabajo que realiza el H. Ayuntamiento.<\/p>\n","protected":false},"excerpt":{"rendered":"<p>En Sesi\u00f3n Ordinaria de Cabildo, el H. Ayuntamiento de Quer\u00e9taro aprob\u00f3 el Programa Anual de Mejora Regulatoria, el cual consta de 11 proyectos y 6 paquetes de acciones de simplificaci\u00f3n que abarcan 52 tr\u00e1mites y servicios, y con el cual se promueve la participaci\u00f3n ciudadana, la innovaci\u00f3n y las nuevas tecnolog\u00edas, para seguir construyendo el Quer\u00e9taro que queremos. Adem\u00e1s, el<\/p>\n<div class=\"h10\"><\/div>\n<p><a class=\"more-link2 flat\" href=\"https:\/\/elconspirador.com.mx\/?p=28528\">Leer m\u00e1s<\/a><\/p>\n","protected":false},"author":1,"featured_media":28529,"comment_status":"open","ping_status":"open","sticky":false,"template":"","format":"standard","meta":{"om_disable_all_campaigns":false,"_uf_show_specific_survey":0,"_uf_disable_surveys":false},"categories":[1],"tags":[],"aioseo_notices":[],"_links":{"self":[{"href":"https:\/\/elconspirador.com.mx\/index.php?rest_route=\/wp\/v2\/posts\/28528"}],"collection":[{"href":"https:\/\/elconspirador.com.mx\/index.php?rest_route=\/wp\/v2\/posts"}],"about":[{"href":"https:\/\/elconspirador.com.mx\/index.php?rest_route=\/wp\/v2\/types\/post"}],"author":[{"embeddable":true,"href":"https:\/\/elconspirador.com.mx\/index.php?rest_route=\/wp\/v2\/users\/1"}],"replies":[{"embeddable":true,"href":"https:\/\/elconspirador.com.mx\/index.php?rest_route=%2Fwp%2Fv2%2Fcomments&post=28528"}],"version-history":[{"count":1,"href":"https:\/\/elconspirador.com.mx\/index.php?rest_route=\/wp\/v2\/posts\/28528\/revisions"}],"predecessor-version":[{"id":28530,"href":"https:\/\/elconspirador.com.mx\/index.php?rest_route=\/wp\/v2\/posts\/28528\/revisions\/28530"}],"wp:featuredmedia":[{"embeddable":true,"href":"https:\/\/elconspirador.com.mx\/index.php?rest_route=\/wp\/v2\/media\/28529"}],"wp:attachment":[{"href":"https:\/\/elconspirador.com.mx\/index.php?rest_route=%2Fwp%2Fv2%2Fmedia&parent=28528"}],"wp:term":[{"taxonomy":"category","embeddable":true,"href":"https:\/\/elconspirador.com.mx\/index.php?rest_route=%2Fwp%2Fv2%2Fcategories&post=28528"},{"taxonomy":"post_tag","embeddable":true,"href":"https:\/\/elconspirador.com.mx\/index.php?rest_route=%2Fwp%2Fv2%2Ftags&post=28528"}],"curies":[{"name":"wp","href":"https:\/\/api.w.org\/{rel}","templated":true}]}}