{"id":28564,"date":"2023-06-14T11:25:31","date_gmt":"2023-06-14T17:25:31","guid":{"rendered":"https:\/\/elconspirador.com.mx\/?p=28564"},"modified":"2023-06-14T11:25:31","modified_gmt":"2023-06-14T17:25:31","slug":"sabado-arranca-jornada-escolar-vs-adicciones","status":"publish","type":"post","link":"https:\/\/elconspirador.com.mx\/?p=28564","title":{"rendered":"S\u00c1BADO ARRANCA JORNADA ESCOLAR VS ADICCIONES"},"content":{"rendered":"<p>Este s\u00e1bado, las escuelas de Quer\u00e9taro se sumar\u00e1n a las actividades de la campa\u00f1a federal contra las adicciones, &#8220;Si te drogas te da\u00f1as, una estrategia en el aula&#8221;.<\/p>\n<p>En ese sentido, el coordinador de la Unidad de Servicios para la Educaci\u00f3n B\u00e1sica en el Estado de Quer\u00e9taro (USEBEQ), Ra\u00fal Iturralde Olvera, precis\u00f3 que las actividades ser\u00e1n en la Secundaria General 1, de manera virtual.<\/p>\n<p>&#8220;Lo que vamos a hacer es que vamos a trabajar con todos los alumnos, nos vamos a sumar de esa manera a la jornada nacional, pero lo vamos a hacer a distancia, con todos los alumnos y con todos los maestros&#8221;.<\/p>\n<p>Cabe mencionar que se trata de una actividad impulsada por la Secretar\u00eda de Educaci\u00f3n P\u00fablica federal, con el objetivo de mitigar las adicciones en alumnos del nivel b\u00e1sico.<\/p>\n<p>Por ello, las actividades arrancar\u00e1n el s\u00e1bado con conferencias virtuales desde las 10 de la ma\u00f1ana, hasta las 2 de la tarde, donde se busca generar conciencia sobre el da\u00f1o a la salud con el uso de las drogas.<\/p>\n<p>&#8220;Son los problemas de la \u00e9poca: el bullying, ciberacoso, la violencia verbal, como f\u00edsica, el probable consumo de sustancias y todo eso tenemos que atenderlo. Son problemas que sin bien se manifiestan en las comunidades escolares, son problemas sociales&#8221;.<\/p>\n","protected":false},"excerpt":{"rendered":"<p>Este s\u00e1bado, las escuelas de Quer\u00e9taro se sumar\u00e1n a las actividades de la campa\u00f1a federal contra las adicciones, &#8220;Si te drogas te da\u00f1as, una estrategia en el aula&#8221;. En ese sentido, el coordinador de la Unidad de Servicios para la Educaci\u00f3n B\u00e1sica en el Estado de Quer\u00e9taro (USEBEQ), Ra\u00fal Iturralde Olvera, precis\u00f3 que las actividades ser\u00e1n en la Secundaria General<\/p>\n<div class=\"h10\"><\/div>\n<p><a class=\"more-link2 flat\" href=\"https:\/\/elconspirador.com.mx\/?p=28564\">Leer m\u00e1s<\/a><\/p>\n","protected":false},"author":1,"featured_media":28565,"comment_status":"open","ping_status":"open","sticky":false,"template":"","format":"standard","meta":{"om_disable_all_campaigns":false,"_uf_show_specific_survey":0,"_uf_disable_surveys":false},"categories":[1],"tags":[],"aioseo_notices":[],"_links":{"self":[{"href":"https:\/\/elconspirador.com.mx\/index.php?rest_route=\/wp\/v2\/posts\/28564"}],"collection":[{"href":"https:\/\/elconspirador.com.mx\/index.php?rest_route=\/wp\/v2\/posts"}],"about":[{"href":"https:\/\/elconspirador.com.mx\/index.php?rest_route=\/wp\/v2\/types\/post"}],"author":[{"embeddable":true,"href":"https:\/\/elconspirador.com.mx\/index.php?rest_route=\/wp\/v2\/users\/1"}],"replies":[{"embeddable":true,"href":"https:\/\/elconspirador.com.mx\/index.php?rest_route=%2Fwp%2Fv2%2Fcomments&post=28564"}],"version-history":[{"count":1,"href":"https:\/\/elconspirador.com.mx\/index.php?rest_route=\/wp\/v2\/posts\/28564\/revisions"}],"predecessor-version":[{"id":28566,"href":"https:\/\/elconspirador.com.mx\/index.php?rest_route=\/wp\/v2\/posts\/28564\/revisions\/28566"}],"wp:featuredmedia":[{"embeddable":true,"href":"https:\/\/elconspirador.com.mx\/index.php?rest_route=\/wp\/v2\/media\/28565"}],"wp:attachment":[{"href":"https:\/\/elconspirador.com.mx\/index.php?rest_route=%2Fwp%2Fv2%2Fmedia&parent=28564"}],"wp:term":[{"taxonomy":"category","embeddable":true,"href":"https:\/\/elconspirador.com.mx\/index.php?rest_route=%2Fwp%2Fv2%2Fcategories&post=28564"},{"taxonomy":"post_tag","embeddable":true,"href":"https:\/\/elconspirador.com.mx\/index.php?rest_route=%2Fwp%2Fv2%2Ftags&post=28564"}],"curies":[{"name":"wp","href":"https:\/\/api.w.org\/{rel}","templated":true}]}}