{"id":28567,"date":"2023-06-15T06:47:29","date_gmt":"2023-06-15T12:47:29","guid":{"rendered":"https:\/\/elconspirador.com.mx\/?p=28567"},"modified":"2023-06-15T06:47:29","modified_gmt":"2023-06-15T12:47:29","slug":"llegan-a-queretaro-4-nuevas-agencias-chinas-de-autos","status":"publish","type":"post","link":"https:\/\/elconspirador.com.mx\/?p=28567","title":{"rendered":"LLEGAN A QUER\u00c9TARO 4 NUEVAS AGENCIAS CHINAS DE AUTOS"},"content":{"rendered":"<p class=\"s3\"><span class=\"s6\"><span class=\"bumpedFont15\">Con una inversi\u00f3n superior a 15 millones de d\u00f3lares y la generaci\u00f3n de 600 nuevos empleos, llegan a Quer\u00e9taro cuatro nuevas agencias <\/span><\/span><span class=\"s6\"><span class=\"bumpedFont15\">c<\/span><\/span><span class=\"s6\"><span class=\"bumpedFont15\">hinas de autom\u00f3viles, un <\/span><\/span><span class=\"s6\"><span class=\"bumpedFont15\">B<\/span><\/span><span class=\"s6\"><span class=\"bumpedFont15\">ody <\/span><\/span><span class=\"s6\"><span class=\"bumpedFont15\">S<\/span><\/span><span class=\"s6\"><span class=\"bumpedFont15\">hop (servicio automotriz) y la apertura de Mercedes Benz por cambio de distribuidor, anunci\u00f3 la presidenta ejecutiva de la Asociaci\u00f3n de Distribuidores de Veh\u00edculos Automotores de Quer\u00e9taro (AMDA QRO), Laura Rodr\u00edguez Miranda.<\/span><\/span><\/p>\n<p class=\"s3\"><span class=\"s6\"><span class=\"bumpedFont15\">Detall\u00f3 que las agencias de origen asi\u00e1tico invierten 12 millones de d\u00f3lares<\/span><\/span><span class=\"s6\"><span class=\"bumpedFont15\">. Se<\/span><\/span><span class=\"s6\"><span class=\"bumpedFont15\"> trata de las marcas Jetour y Omoda que se establecer\u00e1n en los municipios de Quer\u00e9taro y Corregidora, ofreciendo veh\u00edculos\u00a0<\/span><\/span><span class=\"s6\"><span class=\"bumpedFont15\">s<\/span><\/span><span class=\"s6\"><span class=\"bumpedFont15\">edan hasta alta gama con\u00a0tecnolog\u00eda avanzada y precios atractivos.<\/span><\/span><\/p>\n<p class=\"s3\"><span class=\"s6\"><span class=\"bumpedFont15\">La operaci\u00f3n de las nuevas <\/span><\/span><span class=\"s6\"><span class=\"bumpedFont15\">marcas<\/span><\/span> <span class=\"s6\"><span class=\"bumpedFont15\">ser\u00e1 <\/span><\/span><span class=\"s6\"><span class=\"bumpedFont15\">a partir de este mes de junio, inicialmente a trav\u00e9s de puntos de venta en los municipios mencionados, a la espera de la conclusi\u00f3n de los procesos de construcci\u00f3n de las agencias <\/span><\/span><span class=\"s6\"><span class=\"bumpedFont15\">que <\/span><\/span><span class=\"s6\"><span class=\"bumpedFont15\">de<\/span><\/span><span class=\"s6\"><span class=\"bumpedFont15\"> manera conjunta <\/span><\/span><span class=\"s6\"><span class=\"bumpedFont15\">generar\u00e1n <\/span><\/span><span class=\"s6\"><span class=\"bumpedFont15\">alrededor de 400 nuevos empleos formales.<\/span><\/span><\/p>\n<p class=\"s3\"><span class=\"s6\"><span class=\"bumpedFont15\">\u201cEn lo inmediato vienen\u00a0cuatro agencias nuevas; dos de Jetour y dos m\u00e1s de Omoda, que se instalar\u00e1n (una marca de cada una) en el municipio de Corregidora y Quer\u00e9taro\u201d<\/span><\/span><span class=\"s6\"><span class=\"bumpedFont15\">, confirm\u00f3.<\/span><\/span><\/p>\n<p class=\"s3\"><span class=\"s6\"><span class=\"bumpedFont15\">Rodr\u00edguez Miranda, precis\u00f3 que Omoda representa una l\u00ednea joven, y de vanguardia que viene de manera independiente a su filial Chirey.\u00a0\u201cEs la parte juvenil, porque <\/span><\/span><span class=\"s6\"><span class=\"bumpedFont15\">siempre fabricamos<\/span><\/span><span class=\"s6\"><span class=\"bumpedFont15\"> unidades como para las <\/span><\/span><span class=\"s6\"><span class=\"bumpedFont15\">familias o<\/span><\/span><span class=\"s6\"><span class=\"bumpedFont15\"> para ejecutivos y hoy est\u00e1 marca china viene con una muy clara visi\u00f3n de gente joven\u201d<\/span><\/span><span class=\"s6\"><span class=\"bumpedFont15\">.<\/span><\/span><\/p>\n<p class=\"s3\"><span class=\"s6\"><span class=\"bumpedFont15\">Destac\u00f3 que <\/span><\/span><span class=\"s6\"><span class=\"bumpedFont15\">estas <\/span><\/span><span class=\"s6\"><span class=\"bumpedFont15\">marcas se establecen formalmente en Quer\u00e9taro con una oferta diversa de modelos, y <\/span><\/span><span class=\"s6\"><span class=\"bumpedFont15\">convencidas de la atracci\u00f3n del mercado <\/span><\/span><span class=\"s6\"><span class=\"bumpedFont15\">y el d<\/span><\/span><span class=\"s6\"><span class=\"bumpedFont15\">inamismo econ\u00f3mico<\/span><\/span><span class=\"s6\"><span class=\"bumpedFont15\">.<\/span><\/span><\/p>\n<p class=\"s3\"><span class=\"s6\"><span class=\"bumpedFont15\">Es en este punto que la presidenta de AMDA, <\/span><\/span><span class=\"s6\"><span class=\"bumpedFont15\">pidi\u00f3 <\/span><\/span><span class=\"s6\"><span class=\"bumpedFont15\">a los compradores<\/span><\/span> <span class=\"s6\"><span class=\"bumpedFont15\">no dejar sorprenderse por la maquila de mini veh\u00edculos chinos que<\/span><\/span><span class=\"s6\"><span class=\"bumpedFont15\"> se promocionan a precios bajos, pero que<\/span><\/span><span class=\"s6\"><span class=\"bumpedFont15\"> no cumplen con est\u00e1ndares y normas de calidad y seguridad.<\/span><\/span><\/p>\n<p class=\"s3\"><span class=\"s6\"><span class=\"bumpedFont15\">Respecto <\/span><\/span><span class=\"s6\"><span class=\"bumpedFont15\">de los<\/span><\/span> <span class=\"s6\"><span class=\"bumpedFont15\">nuevos proyectos<\/span><\/span><span class=\"s6\"><span class=\"bumpedFont15\">, <\/span><\/span><span class=\"s6\"><span class=\"bumpedFont15\">inform\u00f3<\/span><\/span><span class=\"s6\"><span class=\"bumpedFont15\"> que el<\/span><\/span><span class=\"s6\"><span class=\"bumpedFont15\">Body <\/span><\/span><span class=\"s6\"><span class=\"bumpedFont15\">Shop<\/span><\/span> <span class=\"s6\"><span class=\"bumpedFont15\">y <\/span><\/span><span class=\"s6\"><span class=\"bumpedFont15\">la agencia <\/span><\/span><span class=\"s6\"><span class=\"bumpedFont15\">de <\/span><\/span><span class=\"s6\"><span class=\"bumpedFont15\">Mercedes Benz<\/span><\/span><span class=\"s6\"><span class=\"bumpedFont15\"> se ubicar\u00e1n en el municipio de Quer\u00e9taro<\/span><\/span><span class=\"s6\"><span class=\"bumpedFont15\"> con una inversi\u00f3n <\/span><\/span><span class=\"s6\"><span class=\"bumpedFont15\">aproximada de 3 millones de d\u00f3lares<\/span><\/span><span class=\"s6\"><span class=\"bumpedFont15\"> y la <\/span><\/span><span class=\"s6\"><span class=\"bumpedFont15\">contrataci\u00f3n <\/span><\/span><span class=\"s6\"><span class=\"bumpedFont15\">de 200<\/span><\/span><span class=\"s6\"><span class=\"bumpedFont15\"> plazas de trabajo<\/span><\/span><span class=\"s6\"><span class=\"bumpedFont15\">.<\/span><\/span><span class=\"s6\"><span class=\"bumpedFont15\"> \u00a0La apertura se prev\u00e9 <\/span><\/span><span class=\"s6\"><span class=\"bumpedFont15\">para el mes de julio del <\/span><\/span><span class=\"s6\"><span class=\"bumpedFont15\">presente <\/span><\/span><span class=\"s6\"><span class=\"bumpedFont15\">a\u00f1o.<\/span><\/span><\/p>\n<p class=\"s3\"><span class=\"s6\"><span class=\"bumpedFont15\">Con estas pr\u00f3ximas aperturas en\u00a0el estado de Quer\u00e9taro suman 50 agencias de autos, 12 de camiones y 8 del segmento de motos.<\/span><\/span><\/p>\n","protected":false},"excerpt":{"rendered":"<p>Con una inversi\u00f3n superior a 15 millones de d\u00f3lares y la generaci\u00f3n de 600 nuevos empleos, llegan a Quer\u00e9taro cuatro nuevas agencias chinas de autom\u00f3viles, un Body Shop (servicio automotriz) y la apertura de Mercedes Benz por cambio de distribuidor, anunci\u00f3 la presidenta ejecutiva de la Asociaci\u00f3n de Distribuidores de Veh\u00edculos Automotores de Quer\u00e9taro (AMDA QRO), Laura Rodr\u00edguez Miranda. Detall\u00f3<\/p>\n<div class=\"h10\"><\/div>\n<p><a class=\"more-link2 flat\" href=\"https:\/\/elconspirador.com.mx\/?p=28567\">Leer m\u00e1s<\/a><\/p>\n","protected":false},"author":1,"featured_media":28568,"comment_status":"open","ping_status":"open","sticky":false,"template":"","format":"standard","meta":{"om_disable_all_campaigns":false,"_uf_show_specific_survey":0,"_uf_disable_surveys":false},"categories":[1],"tags":[],"aioseo_notices":[],"_links":{"self":[{"href":"https:\/\/elconspirador.com.mx\/index.php?rest_route=\/wp\/v2\/posts\/28567"}],"collection":[{"href":"https:\/\/elconspirador.com.mx\/index.php?rest_route=\/wp\/v2\/posts"}],"about":[{"href":"https:\/\/elconspirador.com.mx\/index.php?rest_route=\/wp\/v2\/types\/post"}],"author":[{"embeddable":true,"href":"https:\/\/elconspirador.com.mx\/index.php?rest_route=\/wp\/v2\/users\/1"}],"replies":[{"embeddable":true,"href":"https:\/\/elconspirador.com.mx\/index.php?rest_route=%2Fwp%2Fv2%2Fcomments&post=28567"}],"version-history":[{"count":2,"href":"https:\/\/elconspirador.com.mx\/index.php?rest_route=\/wp\/v2\/posts\/28567\/revisions"}],"predecessor-version":[{"id":28601,"href":"https:\/\/elconspirador.com.mx\/index.php?rest_route=\/wp\/v2\/posts\/28567\/revisions\/28601"}],"wp:featuredmedia":[{"embeddable":true,"href":"https:\/\/elconspirador.com.mx\/index.php?rest_route=\/wp\/v2\/media\/28568"}],"wp:attachment":[{"href":"https:\/\/elconspirador.com.mx\/index.php?rest_route=%2Fwp%2Fv2%2Fmedia&parent=28567"}],"wp:term":[{"taxonomy":"category","embeddable":true,"href":"https:\/\/elconspirador.com.mx\/index.php?rest_route=%2Fwp%2Fv2%2Fcategories&post=28567"},{"taxonomy":"post_tag","embeddable":true,"href":"https:\/\/elconspirador.com.mx\/index.php?rest_route=%2Fwp%2Fv2%2Ftags&post=28567"}],"curies":[{"name":"wp","href":"https:\/\/api.w.org\/{rel}","templated":true}]}}