{"id":28573,"date":"2023-06-14T13:36:09","date_gmt":"2023-06-14T19:36:09","guid":{"rendered":"https:\/\/elconspirador.com.mx\/?p=28573"},"modified":"2023-06-14T13:36:09","modified_gmt":"2023-06-14T19:36:09","slug":"uaq-presentara-amparo-vs-ley-de-ciencia","status":"publish","type":"post","link":"https:\/\/elconspirador.com.mx\/?p=28573","title":{"rendered":"UAQ PRESENTAR\u00c1 AMPARO VS LEY DE CIENCIA"},"content":{"rendered":"<p>Teresa Garc\u00eda Gasca, rectora de la Universidad Aut\u00f3noma de Quer\u00e9taro (UAQ), inform\u00f3 que antes del 20 de junio ser\u00e1 presentado el amparo colectivo contra la Ley general de Humanidades, Ciencias, Tecnolog\u00edas e Innovaci\u00f3n de M\u00e9xico.<\/p>\n<p>La rectora se\u00f1al\u00f3 que se est\u00e1 preparando dicho amparo, tal como anunci\u00f3 el pasado 15 de mayo, con el objetivo de presentarse antes del 20 de junio que tienen como fecha l\u00edmite.<\/p>\n<p>\u201cEstamos preparando el amparo, va a ser un amparo colectivo para que a nivel individual cada investigador o investigadora decida sumarse y de esa manera se va a interponer el amparo\u201d, dijo.<\/p>\n<p>Mencion\u00f3 que hasta ahora se desconoce cu\u00e1ntos investigadores se sumar\u00edan a dicho amparo que ser\u00eda presentado por estos mismos, con el apoyo de la Universidad, y refiri\u00f3 que se podr\u00edan integrar estudiantes de posgrado al ser de los afectados.<\/p>\n<p>\u201cEl problema es que hay mucha desinformaci\u00f3n, mucha gente no conoce el impacto de la nueva ley, no la han le\u00eddo, entonces de ah\u00ed que se ha estado haciendo difusi\u00f3n, tuvimos un foro la semana pasada con investigadoras e investigadores, y cada quien tomar\u00e1 la decisi\u00f3n, se va a hacer la difusi\u00f3n para que se puedan sumar al amparo quienes gusten hacerlo\u201d, apunt\u00f3.<\/p>\n","protected":false},"excerpt":{"rendered":"<p>Teresa Garc\u00eda Gasca, rectora de la Universidad Aut\u00f3noma de Quer\u00e9taro (UAQ), inform\u00f3 que antes del 20 de junio ser\u00e1 presentado el amparo colectivo contra la Ley general de Humanidades, Ciencias, Tecnolog\u00edas e Innovaci\u00f3n de M\u00e9xico. La rectora se\u00f1al\u00f3 que se est\u00e1 preparando dicho amparo, tal como anunci\u00f3 el pasado 15 de mayo, con el objetivo de presentarse antes del 20<\/p>\n<div class=\"h10\"><\/div>\n<p><a class=\"more-link2 flat\" href=\"https:\/\/elconspirador.com.mx\/?p=28573\">Leer m\u00e1s<\/a><\/p>\n","protected":false},"author":1,"featured_media":28575,"comment_status":"open","ping_status":"open","sticky":false,"template":"","format":"standard","meta":{"om_disable_all_campaigns":false,"_uf_show_specific_survey":0,"_uf_disable_surveys":false},"categories":[1],"tags":[],"aioseo_notices":[],"_links":{"self":[{"href":"https:\/\/elconspirador.com.mx\/index.php?rest_route=\/wp\/v2\/posts\/28573"}],"collection":[{"href":"https:\/\/elconspirador.com.mx\/index.php?rest_route=\/wp\/v2\/posts"}],"about":[{"href":"https:\/\/elconspirador.com.mx\/index.php?rest_route=\/wp\/v2\/types\/post"}],"author":[{"embeddable":true,"href":"https:\/\/elconspirador.com.mx\/index.php?rest_route=\/wp\/v2\/users\/1"}],"replies":[{"embeddable":true,"href":"https:\/\/elconspirador.com.mx\/index.php?rest_route=%2Fwp%2Fv2%2Fcomments&post=28573"}],"version-history":[{"count":2,"href":"https:\/\/elconspirador.com.mx\/index.php?rest_route=\/wp\/v2\/posts\/28573\/revisions"}],"predecessor-version":[{"id":28576,"href":"https:\/\/elconspirador.com.mx\/index.php?rest_route=\/wp\/v2\/posts\/28573\/revisions\/28576"}],"wp:featuredmedia":[{"embeddable":true,"href":"https:\/\/elconspirador.com.mx\/index.php?rest_route=\/wp\/v2\/media\/28575"}],"wp:attachment":[{"href":"https:\/\/elconspirador.com.mx\/index.php?rest_route=%2Fwp%2Fv2%2Fmedia&parent=28573"}],"wp:term":[{"taxonomy":"category","embeddable":true,"href":"https:\/\/elconspirador.com.mx\/index.php?rest_route=%2Fwp%2Fv2%2Fcategories&post=28573"},{"taxonomy":"post_tag","embeddable":true,"href":"https:\/\/elconspirador.com.mx\/index.php?rest_route=%2Fwp%2Fv2%2Ftags&post=28573"}],"curies":[{"name":"wp","href":"https:\/\/api.w.org\/{rel}","templated":true}]}}