{"id":28584,"date":"2023-06-14T16:36:49","date_gmt":"2023-06-14T22:36:49","guid":{"rendered":"https:\/\/elconspirador.com.mx\/?p=28584"},"modified":"2023-06-14T16:37:56","modified_gmt":"2023-06-14T22:37:56","slug":"peregrinacion-al-tepeyac-lista","status":"publish","type":"post","link":"https:\/\/elconspirador.com.mx\/?p=28584","title":{"rendered":"PEREGRINACI\u00d3N AL TEPEYAC LISTA"},"content":{"rendered":"<p>Todo est\u00e1 listo para tradicional peregrinaci\u00f3n al Tepeyac, del 7 al 23 de julio, se espera superar la participaci\u00f3n de la \u00faltima edici\u00f3n presencial de la peregrinaci\u00f3n, donde se registr\u00f3 la asistencia de 5 mil ciclistas, 25 mil mujeres y 37 mil hombres., habr\u00e1 particular \u00e9nfasis en la hidrataci\u00f3n y salud de los asistentes, afirm\u00f3 el vocero de la Di\u00f3cesis de Quer\u00e9taro, Mart\u00edn Lara Becerril.<\/p>\n<p>Record\u00f3 que incluso al interior de la Di\u00f3cesis queretana se realiz\u00f3 un ajuste en cuenta a los decanatos, que aumentaron de 12 a 20, por lo que podr\u00eda haber mayor organizaci\u00f3n y participaci\u00f3n de peregrinos.<\/p>\n<p>\u201cEn cuanto al n\u00famero de participantes, pensamos que subir\u00e1 la participaci\u00f3n en cada una de las columnas, hasta antes de la pandemia, que hicimos esta celebraci\u00f3n de la peregrinaci\u00f3n se calcula que participaron alrededor de unos 5 mil ciclistas, 25 mil mujeres y 37 mil hombres, pensamos que en cada una de las columnas subir\u00e1 la participaci\u00f3n, no sabemos todav\u00eda decir un n\u00famero aproximado, pero pensamos que s\u00ed habr\u00e1 un aumento, \u00bfpor qu\u00e9 raz\u00f3n? Porque despu\u00e9s de estos a\u00f1os que hemos suspendido la peregrinaci\u00f3n en f\u00edsico, aunque la peregrinaci\u00f3n la seguimos haciendo de modo virtual, la gente en general hemos podido escuchar que tienen ganas de ya realizarla de una manera f\u00edsica\u201d.<br \/>\nDijo que est\u00e1n a la espera de concretar la reuni\u00f3n con las autoridades estatales de Guanajuato, Quer\u00e9taro, Hidalgo, Estado de M\u00e9xico y Ciudad de M\u00e9xico para analizar la log\u00edstica y seguridad durante el paso de la peregrinaci\u00f3n.<br \/>\n\u201cSi recuerdan ustedes el a\u00f1o pasado, pr\u00e1cticamente los peregrinos estaban listos para ir con toda la organizaci\u00f3n, pero al tener el contacto con los otros estados por donde pasa la peregrinaci\u00f3n, no hab\u00eda condiciones que garantizaran la seguridad de los peregrinos, en Quer\u00e9taro s\u00ed est\u00e1bamos listos, pero ya los otros, las otras entidades federativas ya no estaban, no ten\u00edan condiciones \u00f3ptimas y de ninguna manera quisimos arriesgar a los peregrinos\u201d, record\u00f3.<\/p>\n","protected":false},"excerpt":{"rendered":"<p>Todo est\u00e1 listo para tradicional peregrinaci\u00f3n al Tepeyac, del 7 al 23 de julio, se espera superar la participaci\u00f3n de la \u00faltima edici\u00f3n presencial de la peregrinaci\u00f3n, donde se registr\u00f3 la asistencia de 5 mil ciclistas, 25 mil mujeres y 37 mil hombres., habr\u00e1 particular \u00e9nfasis en la hidrataci\u00f3n y salud de los asistentes, afirm\u00f3 el vocero de la Di\u00f3cesis<\/p>\n<div class=\"h10\"><\/div>\n<p><a class=\"more-link2 flat\" href=\"https:\/\/elconspirador.com.mx\/?p=28584\">Leer m\u00e1s<\/a><\/p>\n","protected":false},"author":1,"featured_media":28594,"comment_status":"open","ping_status":"open","sticky":false,"template":"","format":"standard","meta":{"om_disable_all_campaigns":false,"_uf_show_specific_survey":0,"_uf_disable_surveys":false},"categories":[1],"tags":[],"aioseo_notices":[],"_links":{"self":[{"href":"https:\/\/elconspirador.com.mx\/index.php?rest_route=\/wp\/v2\/posts\/28584"}],"collection":[{"href":"https:\/\/elconspirador.com.mx\/index.php?rest_route=\/wp\/v2\/posts"}],"about":[{"href":"https:\/\/elconspirador.com.mx\/index.php?rest_route=\/wp\/v2\/types\/post"}],"author":[{"embeddable":true,"href":"https:\/\/elconspirador.com.mx\/index.php?rest_route=\/wp\/v2\/users\/1"}],"replies":[{"embeddable":true,"href":"https:\/\/elconspirador.com.mx\/index.php?rest_route=%2Fwp%2Fv2%2Fcomments&post=28584"}],"version-history":[{"count":1,"href":"https:\/\/elconspirador.com.mx\/index.php?rest_route=\/wp\/v2\/posts\/28584\/revisions"}],"predecessor-version":[{"id":28586,"href":"https:\/\/elconspirador.com.mx\/index.php?rest_route=\/wp\/v2\/posts\/28584\/revisions\/28586"}],"wp:featuredmedia":[{"embeddable":true,"href":"https:\/\/elconspirador.com.mx\/index.php?rest_route=\/wp\/v2\/media\/28594"}],"wp:attachment":[{"href":"https:\/\/elconspirador.com.mx\/index.php?rest_route=%2Fwp%2Fv2%2Fmedia&parent=28584"}],"wp:term":[{"taxonomy":"category","embeddable":true,"href":"https:\/\/elconspirador.com.mx\/index.php?rest_route=%2Fwp%2Fv2%2Fcategories&post=28584"},{"taxonomy":"post_tag","embeddable":true,"href":"https:\/\/elconspirador.com.mx\/index.php?rest_route=%2Fwp%2Fv2%2Ftags&post=28584"}],"curies":[{"name":"wp","href":"https:\/\/api.w.org\/{rel}","templated":true}]}}