{"id":28595,"date":"2023-06-14T20:59:55","date_gmt":"2023-06-15T02:59:55","guid":{"rendered":"https:\/\/elconspirador.com.mx\/?p=28595"},"modified":"2023-06-14T20:59:55","modified_gmt":"2023-06-15T02:59:55","slug":"queretaro-lider-en-politica-ambiental","status":"publish","type":"post","link":"https:\/\/elconspirador.com.mx\/?p=28595","title":{"rendered":"QUER\u00c9TARO L\u00cdDER EN POL\u00cdTICA AMBIENTAL"},"content":{"rendered":"<p>En el marco de la primera Sesi\u00f3n Ordinaria de la Comisi\u00f3n Estatal de Cambio Clim\u00e1tico 2023, el gobernador, Mauricio Kuri Gonz\u00e1lez, enfatiz\u00f3 que gracias a las acciones que ha implementado su administraci\u00f3n para proteger al planeta y dejar un mejor h\u00e1bitat a las pr\u00f3ximas generaciones, Quer\u00e9taro es l\u00edder en pol\u00edtica p\u00fablica ambiental.<\/p>\n<p>\u201cNo estamos con los brazos cruzados y estamos trabajando todos los d\u00edas para tener un Quer\u00e9taro con mejor calidad de aire, con mejor calidad de vida, con mejor movilidad, con una certidumbre jur\u00eddica, una certidumbre energ\u00e9tica, una certidumbre hidr\u00e1ulica, para dejar un mejor Quer\u00e9taro que el que yo recib\u00ed\u201d, apunt\u00f3.<\/p>\n<p>Comparti\u00f3 que en el reciente reporte de Competitividad Estatal publicado por el Instituto Mexicano de Competitividad (IMCO), Quer\u00e9taro subi\u00f3 un escal\u00f3n y se coloca entre los mejores en el rubro relacionado con la pol\u00edtica ambiental.<\/p>\n<p>En este tenor, indic\u00f3 que la entidad es la primera en el pa\u00eds en contar con instrumentos para la regulaci\u00f3n de todo su territorio basados en la protecci\u00f3n, conservaci\u00f3n, restauraci\u00f3n y aprovechamiento sustentable de los recursos naturales para el desarrollo, a trav\u00e9s de los programas de Ordenamiento Ecol\u00f3gico Regional y Local, y los decretos y programas de \u00c1reas Naturales Protegidas.<\/p>\n<p>Tambi\u00e9n mencion\u00f3 que en materia de econom\u00eda circular y manejo de residuos, Quer\u00e9taro se encuentra a la vanguardia, ya que es el \u00fanico estado con una ley vinculante y que tiene en ejecuci\u00f3n un motor de proyectos en el sector, una norma de residuos de la construcci\u00f3n y la colaboraci\u00f3n estrecha con la ciudadan\u00eda, quien da respaldo social.<\/p>\n<p>Ponder\u00f3 que en la entidad se est\u00e1 transformando el sistema empresarial por uno sustentable, y en este sentido coment\u00f3 que otro logro relevante ha sido la implementaci\u00f3n del impuesto ambiental que, junto con las pol\u00edticas medioambientales, est\u00e1 ayudando a mejorar la calidad de vida y el medio ambiente en general. Adem\u00e1s, se ha construido un esquema de descarbonizaci\u00f3n y compensaci\u00f3n de emisiones que es ejemplo en Am\u00e9rica Latina.<\/p>\n<p>Kuri Gonz\u00e1lez precis\u00f3 que la responsabilidad del cuidado del medio ambiente es de todas y todos, por eso en su gobierno se continuar\u00e1 trabajando con la ciudadan\u00eda y con todas las organizaciones, para llevar a Quer\u00e9taro al siguiente nivel.<\/p>\n<p>\u201cNecesitamos hacer mucha conciencia que lo que estamos haciendo ahorita: talar un \u00e1rbol, lastimar una planta, lastimar a alg\u00fan animal o incluso tirar la basura, eso tarde que temprano alguien paga el costo y de una u otra forma la vamos a pagar los que vivimos ahorita, o los que vienen despu\u00e9s de nosotros. Y no tenemos otra casa m\u00e1s que esta preciosa tierra, y de alguna u otra forma, aqu\u00ed nos encontramos y nos tenemos que poner de acuerdo para cuidarla, para protegerla y tambi\u00e9n para disfrutarla\u201d, comparti\u00f3.<\/p>\n<p>En su intervenci\u00f3n, el titular de la Secretar\u00eda de Desarrollo Sustentable (SEDESU), Marco Antonio Del Prete Tercero, dio a conocer los avances del Sello Estatal de Bajas Emisiones de Carbono, que se otorga a las empresas por las actividades realizadas para compensar la generaci\u00f3n de CO2e; al respecto, precis\u00f3 que en lo que va de 2023 se han compensado cuatro mil 523 toneladas de\u00a0di\u00f3xido de carbono equivalente y se encuentran en proceso otras 341 mil 412.<\/p>\n<p>De la misma forma brind\u00f3 detalles sobre los proyectos registrados en el sistema de compensaci\u00f3n de emisiones y anunci\u00f3 la realizaci\u00f3n del \u201cCarbon Forum\u201d, el evento m\u00e1s importante de mercados de carbono, que se llevar\u00e1 a cabo el 14 y 15 de agosto en el Quer\u00e9taro Centro de Congresos con la asistencia de m\u00e1s de mil 500 personas.<\/p>\n<p>\u201cAl ser Quer\u00e9taro un estado con un sistema \u00fanico de compensaci\u00f3n de emisiones, queremos visibilizarlo, queremos dar a conocer que en Quer\u00e9taro estamos haciendo las cosas de manera diferente\u201d, subray\u00f3.<\/p>\n<p>A la sesi\u00f3n asisti\u00f3 como invitada especial la fundadora del Grupo Ecol\u00f3gico Sierra Gorda (GESG), Martha Isabel \u201cPati\u201d Ruiz Corzo, quien reconoci\u00f3 el trabajo de Gobierno del Estado, y en particular de la Secretar\u00eda de Desarrollo Sustentable, para lograr mediante la innovaci\u00f3n, ideas audaces y visi\u00f3n de futuro, la regeneraci\u00f3n de los espacios naturales de la zona serrana.<\/p>\n<p>\u201cLo que est\u00e1 sucediendo en la Sierra Gorda es verdaderamente memorable, como queretana con 40 a\u00f1os de estar en la trinchera puedo decirle lo profundamente orgullosa de estar viviendo hoy toda esta innovaci\u00f3n con la gente de su gobierno, con la que estamos llevando a Quer\u00e9taro verdaderamente en la punta de lanza\u201d, puntualiz\u00f3.<\/p>\n<p>El director del Centro de Ecolog\u00eda y Cambio Clim\u00e1tico del Estado de Quer\u00e9taro y secretario t\u00e9cnico de la Comisi\u00f3n Estatal de Cambio Clim\u00e1tico 2023, Jes\u00fas Miguel Le\u00f3n Silva, dirigi\u00f3 el orden del d\u00eda de la sesi\u00f3n, donde se conocieron los avances que contribuyen a asegurar un futuro sostenible para las siguientes generaciones.<\/p>\n","protected":false},"excerpt":{"rendered":"<p>En el marco de la primera Sesi\u00f3n Ordinaria de la Comisi\u00f3n Estatal de Cambio Clim\u00e1tico 2023, el gobernador, Mauricio Kuri Gonz\u00e1lez, enfatiz\u00f3 que gracias a las acciones que ha implementado su administraci\u00f3n para proteger al planeta y dejar un mejor h\u00e1bitat a las pr\u00f3ximas generaciones, Quer\u00e9taro es l\u00edder en pol\u00edtica p\u00fablica ambiental. \u201cNo estamos con los brazos cruzados y estamos<\/p>\n<div class=\"h10\"><\/div>\n<p><a class=\"more-link2 flat\" href=\"https:\/\/elconspirador.com.mx\/?p=28595\">Leer m\u00e1s<\/a><\/p>\n","protected":false},"author":1,"featured_media":28596,"comment_status":"open","ping_status":"open","sticky":false,"template":"","format":"standard","meta":{"om_disable_all_campaigns":false,"_uf_show_specific_survey":0,"_uf_disable_surveys":false},"categories":[1],"tags":[],"aioseo_notices":[],"_links":{"self":[{"href":"https:\/\/elconspirador.com.mx\/index.php?rest_route=\/wp\/v2\/posts\/28595"}],"collection":[{"href":"https:\/\/elconspirador.com.mx\/index.php?rest_route=\/wp\/v2\/posts"}],"about":[{"href":"https:\/\/elconspirador.com.mx\/index.php?rest_route=\/wp\/v2\/types\/post"}],"author":[{"embeddable":true,"href":"https:\/\/elconspirador.com.mx\/index.php?rest_route=\/wp\/v2\/users\/1"}],"replies":[{"embeddable":true,"href":"https:\/\/elconspirador.com.mx\/index.php?rest_route=%2Fwp%2Fv2%2Fcomments&post=28595"}],"version-history":[{"count":1,"href":"https:\/\/elconspirador.com.mx\/index.php?rest_route=\/wp\/v2\/posts\/28595\/revisions"}],"predecessor-version":[{"id":28597,"href":"https:\/\/elconspirador.com.mx\/index.php?rest_route=\/wp\/v2\/posts\/28595\/revisions\/28597"}],"wp:featuredmedia":[{"embeddable":true,"href":"https:\/\/elconspirador.com.mx\/index.php?rest_route=\/wp\/v2\/media\/28596"}],"wp:attachment":[{"href":"https:\/\/elconspirador.com.mx\/index.php?rest_route=%2Fwp%2Fv2%2Fmedia&parent=28595"}],"wp:term":[{"taxonomy":"category","embeddable":true,"href":"https:\/\/elconspirador.com.mx\/index.php?rest_route=%2Fwp%2Fv2%2Fcategories&post=28595"},{"taxonomy":"post_tag","embeddable":true,"href":"https:\/\/elconspirador.com.mx\/index.php?rest_route=%2Fwp%2Fv2%2Ftags&post=28595"}],"curies":[{"name":"wp","href":"https:\/\/api.w.org\/{rel}","templated":true}]}}