{"id":28598,"date":"2023-06-14T22:05:20","date_gmt":"2023-06-15T04:05:20","guid":{"rendered":"https:\/\/elconspirador.com.mx\/?p=28598"},"modified":"2023-06-14T22:05:20","modified_gmt":"2023-06-15T04:05:20","slug":"loyola-no-va-al-2024","status":"publish","type":"post","link":"https:\/\/elconspirador.com.mx\/?p=28598","title":{"rendered":"LOYOLA NO VA AL 2024"},"content":{"rendered":"<p>El exalcalde Roberto Loyola Vera descart\u00f3 alg\u00fan inter\u00e9s en una candidatura por el Partido Revolucionario Institucional (PRI) de cara al 2024; por el contrario, asegur\u00f3 que est\u00e1 concentrado en varios proyectos personales.<\/p>\n<p>\u201cNo, no, yo estoy dedicado a m\u00ed ejercicio profesional, evidentemente muy contento de trabajar en el proyecto familiar que tenemos del vi\u00f1edo, que es algo que tenemos ya desde hace 15 a\u00f1os y que nos ocupa parte del tiempo\u201d, se\u00f1al\u00f3.<\/p>\n<p>Cuestionado sobre c\u00f3mo se encuentra el partido en el estado, se\u00f1al\u00f3 que, como otros partidos pol\u00edticos, enfrenta grandes retos, por lo que indic\u00f3 que se debe retomar la cercan\u00eda con la ciudadan\u00eda para conocer sus necesidades.<\/p>\n<p>Sobre una posible alianza en el 2024, el priista refiri\u00f3 que la decisi\u00f3n la tomar\u00e1n las dirigencias de los partidos, aunque expres\u00f3 que las elecciones del Estado de M\u00e9xico y Coahuila ser\u00e1n motivo de an\u00e1lisis sobre la pertinencia de \u00e9sta, sobre todo ante los tiempos electorales que se han adelantado.<\/p>\n<p>\u201cLa pol\u00edtica son tiempo y circunstancia, me parece que hoy la pol\u00edtica, la vida partidista, la vida pol\u00edtico electoral est\u00e1 retada a analizar los escenarios que se han presentado en 2023 y que se perfilan a 2024. Hay una efervescencia pol\u00edtica en el pa\u00eds, me parece que las agendas se han adelantado y esto reta a los actores\u201d, dijo.<\/p>\n","protected":false},"excerpt":{"rendered":"<p>El exalcalde Roberto Loyola Vera descart\u00f3 alg\u00fan inter\u00e9s en una candidatura por el Partido Revolucionario Institucional (PRI) de cara al 2024; por el contrario, asegur\u00f3 que est\u00e1 concentrado en varios proyectos personales. \u201cNo, no, yo estoy dedicado a m\u00ed ejercicio profesional, evidentemente muy contento de trabajar en el proyecto familiar que tenemos del vi\u00f1edo, que es algo que tenemos ya<\/p>\n<div class=\"h10\"><\/div>\n<p><a class=\"more-link2 flat\" href=\"https:\/\/elconspirador.com.mx\/?p=28598\">Leer m\u00e1s<\/a><\/p>\n","protected":false},"author":1,"featured_media":28599,"comment_status":"open","ping_status":"open","sticky":false,"template":"","format":"standard","meta":{"om_disable_all_campaigns":false,"_uf_show_specific_survey":0,"_uf_disable_surveys":false},"categories":[1],"tags":[],"aioseo_notices":[],"_links":{"self":[{"href":"https:\/\/elconspirador.com.mx\/index.php?rest_route=\/wp\/v2\/posts\/28598"}],"collection":[{"href":"https:\/\/elconspirador.com.mx\/index.php?rest_route=\/wp\/v2\/posts"}],"about":[{"href":"https:\/\/elconspirador.com.mx\/index.php?rest_route=\/wp\/v2\/types\/post"}],"author":[{"embeddable":true,"href":"https:\/\/elconspirador.com.mx\/index.php?rest_route=\/wp\/v2\/users\/1"}],"replies":[{"embeddable":true,"href":"https:\/\/elconspirador.com.mx\/index.php?rest_route=%2Fwp%2Fv2%2Fcomments&post=28598"}],"version-history":[{"count":1,"href":"https:\/\/elconspirador.com.mx\/index.php?rest_route=\/wp\/v2\/posts\/28598\/revisions"}],"predecessor-version":[{"id":28600,"href":"https:\/\/elconspirador.com.mx\/index.php?rest_route=\/wp\/v2\/posts\/28598\/revisions\/28600"}],"wp:featuredmedia":[{"embeddable":true,"href":"https:\/\/elconspirador.com.mx\/index.php?rest_route=\/wp\/v2\/media\/28599"}],"wp:attachment":[{"href":"https:\/\/elconspirador.com.mx\/index.php?rest_route=%2Fwp%2Fv2%2Fmedia&parent=28598"}],"wp:term":[{"taxonomy":"category","embeddable":true,"href":"https:\/\/elconspirador.com.mx\/index.php?rest_route=%2Fwp%2Fv2%2Fcategories&post=28598"},{"taxonomy":"post_tag","embeddable":true,"href":"https:\/\/elconspirador.com.mx\/index.php?rest_route=%2Fwp%2Fv2%2Ftags&post=28598"}],"curies":[{"name":"wp","href":"https:\/\/api.w.org\/{rel}","templated":true}]}}