{"id":28611,"date":"2023-06-18T12:49:31","date_gmt":"2023-06-18T18:49:31","guid":{"rendered":"https:\/\/elconspirador.com.mx\/?p=28611"},"modified":"2023-06-18T10:49:44","modified_gmt":"2023-06-18T16:49:44","slug":"alertan-sobre-uso-excesivo-de-cubrebocas","status":"publish","type":"post","link":"https:\/\/elconspirador.com.mx\/?p=28611","title":{"rendered":"ALERTAN SOBRE USO EXCESIVO DE CUBREBOCAS"},"content":{"rendered":"<p data-reader-unique-id=\"10\">El \u00a0Plan de Gesti\u00f3n a Largo Plazo para el control de covid-19, enfatiz\u00f3 que la utilizaci\u00f3n del cubrebocas se puede generalizar s\u00f3lo cuando exista una emergencia sanitaria, reserv\u00e1ndose su uso, \u00fanicamente en personas con s\u00edntomas respiratorios o con enfermedad confirmada, as\u00ed como cuando el riesgo de contagio lo amerite.<\/p>\n<p data-reader-unique-id=\"26\">Y alert\u00f3 sobre su uso excesivo, el cual, puede resultar inconveniente.<\/p>\n<p data-reader-unique-id=\"27\">\u201cAunque no se han podido evaluar a larga escala los posibles efectos adversos del uso cr\u00f3nico del cubreboca, existe evidencia de que su uso continuo puede tener efectos negativos como dolor de cabeza, problemas en la piel, acn\u00e9, dificultad para respirar, dolor de garganta, ojos secos, problemas cognitivos y aumento de la sudoraci\u00f3n alrededor de la boca\u201d.<\/p>\n<p data-reader-unique-id=\"28\">Por lo anterior, la Secretar\u00eda de Salud, se\u00f1al\u00f3 que es \u00a0necesario comunicar correctamente la importancia que tiene el uso del cubrebocas para prevenir infecciones respiratorias.<\/p>\n<p data-reader-unique-id=\"29\">\u201cY el riesgo real de contagio que existe de no utilizarlo, con el fin de evitar una subestimaci\u00f3n o sobrestimaci\u00f3n del riesgo, lo cual podr\u00eda comprometer la adopci\u00f3n de otras medidas de prevenci\u00f3n igual de importantes, como la higiene de manos, el distanciamiento social y la ventilaci\u00f3n de espacios\u201d.<\/p>\n","protected":false},"excerpt":{"rendered":"<p>El \u00a0Plan de Gesti\u00f3n a Largo Plazo para el control de covid-19, enfatiz\u00f3 que la utilizaci\u00f3n del cubrebocas se puede generalizar s\u00f3lo cuando exista una emergencia sanitaria, reserv\u00e1ndose su uso, \u00fanicamente en personas con s\u00edntomas respiratorios o con enfermedad confirmada, as\u00ed como cuando el riesgo de contagio lo amerite. Y alert\u00f3 sobre su uso excesivo, el cual, puede resultar inconveniente.<\/p>\n<div class=\"h10\"><\/div>\n<p><a class=\"more-link2 flat\" href=\"https:\/\/elconspirador.com.mx\/?p=28611\">Leer m\u00e1s<\/a><\/p>\n","protected":false},"author":1,"featured_media":28612,"comment_status":"open","ping_status":"open","sticky":false,"template":"","format":"standard","meta":{"om_disable_all_campaigns":false,"_uf_show_specific_survey":0,"_uf_disable_surveys":false},"categories":[68],"tags":[],"aioseo_notices":[],"_links":{"self":[{"href":"https:\/\/elconspirador.com.mx\/index.php?rest_route=\/wp\/v2\/posts\/28611"}],"collection":[{"href":"https:\/\/elconspirador.com.mx\/index.php?rest_route=\/wp\/v2\/posts"}],"about":[{"href":"https:\/\/elconspirador.com.mx\/index.php?rest_route=\/wp\/v2\/types\/post"}],"author":[{"embeddable":true,"href":"https:\/\/elconspirador.com.mx\/index.php?rest_route=\/wp\/v2\/users\/1"}],"replies":[{"embeddable":true,"href":"https:\/\/elconspirador.com.mx\/index.php?rest_route=%2Fwp%2Fv2%2Fcomments&post=28611"}],"version-history":[{"count":1,"href":"https:\/\/elconspirador.com.mx\/index.php?rest_route=\/wp\/v2\/posts\/28611\/revisions"}],"predecessor-version":[{"id":28613,"href":"https:\/\/elconspirador.com.mx\/index.php?rest_route=\/wp\/v2\/posts\/28611\/revisions\/28613"}],"wp:featuredmedia":[{"embeddable":true,"href":"https:\/\/elconspirador.com.mx\/index.php?rest_route=\/wp\/v2\/media\/28612"}],"wp:attachment":[{"href":"https:\/\/elconspirador.com.mx\/index.php?rest_route=%2Fwp%2Fv2%2Fmedia&parent=28611"}],"wp:term":[{"taxonomy":"category","embeddable":true,"href":"https:\/\/elconspirador.com.mx\/index.php?rest_route=%2Fwp%2Fv2%2Fcategories&post=28611"},{"taxonomy":"post_tag","embeddable":true,"href":"https:\/\/elconspirador.com.mx\/index.php?rest_route=%2Fwp%2Fv2%2Ftags&post=28611"}],"curies":[{"name":"wp","href":"https:\/\/api.w.org\/{rel}","templated":true}]}}