{"id":28621,"date":"2023-06-15T11:26:17","date_gmt":"2023-06-15T17:26:17","guid":{"rendered":"https:\/\/elconspirador.com.mx\/?p=28621"},"modified":"2023-06-15T11:26:17","modified_gmt":"2023-06-15T17:26:17","slug":"por-escandalos-nombre-de-gabriela-guevara-sera-retirado-de-ciudad-deportiva","status":"publish","type":"post","link":"https:\/\/elconspirador.com.mx\/?p=28621","title":{"rendered":"POR \u201cESC\u00c1NDALOS\u201d, NOMBRE DE GABRIELA GUEVARA SER\u00c1 RETIRADO DE CIUDAD DEPORTIVA"},"content":{"rendered":"<p data-reader-unique-id=\"1\">En marzo de 2008, Ana Gabriela Guevara fue homenajeada en el municipio de Atizap\u00e1n de Zaragoza. Adem\u00e1s de una estatua, la Ciudad Deportiva donde se encuentra la figura de la exvelocista fue nombrada como ella.<\/p>\n<p data-reader-unique-id=\"2\">Sin embargo, eso podr\u00eda cambiar pr\u00f3ximamente. La actual titular de la Conade se encuentra en el foco de las cr\u00edticas debido a sus pol\u00e9micas declaraciones en torno a la Selecci\u00f3n Mexicana de Nataci\u00f3n Art\u00edstica, que tuvo una destacada participaci\u00f3n en la Copa del Mundo 2023, efectuada en Egipto.<\/p>\n<p data-reader-unique-id=\"5\">Ante la falta de apoyos por parte de las autoridades deportivas, \u201clas sirenas\u201d tricolores se vieron en la necesidad de buscarlos mediante otros caminos, como la venta de trajes de ba\u00f1o, as\u00ed como el respaldo de Arturo El\u00edas Ayub y Carlos Slim.<\/p>\n<p data-reader-unique-id=\"9\">Tras los reclamos de las nadadoras, Ana Guevara declar\u00f3 que le daba igual \u201csi vend\u00edan calzones, avon o tuperware\u201d o que \u201csi tanto les molestaban, que se los quitaran\u201d. Estas declaraciones han hecho de la hist\u00f3rica y referente medallista en Atenas 2004, una imagen repudiada por propios y extra\u00f1os.<\/p>\n<h4 data-reader-unique-id=\"10\">Autoridades de Atizap\u00e1n proponen al \u201cCanelo\u201d \u00c1lvarez<\/h4>\n<p data-reader-unique-id=\"11\">Efra\u00edn Medina, regidor de Atizap\u00e1n, fue contundente en contra de Ana Gabriela Guevara y asever\u00f3 que \u201cno se puede reconocer a una persona prepotente\u201d.<\/p>\n<p data-reader-unique-id=\"12\">\u201cLas jovencitas de nado sincronizado han tra\u00eddo varias preseas a nuestro pa\u00eds, y los habitantes de Atizap\u00e1n consideran que no es justo que se les maltrate por pedir apoyo\u201d, agreg\u00f3 el pol\u00edtico.<\/p>\n<p data-reader-unique-id=\"18\">Por su parte, Pedro Rodr\u00edguez, presidente municipal de Atizap\u00e1n de Zaragoza, reafirm\u00f3 lo dicho anteriormente con una fuerte declaraci\u00f3n en la que destaca el boxeador Sa\u00fal \u201cCanelo\u201d \u00c1lvarez como opci\u00f3n para renombrar la unidad deportiva.<\/p>\n<p data-reader-unique-id=\"19\">\u201c\u2018Canelo\u2019 es un hombre de extraordinario coraz\u00f3n, lo hemos visto ayudando muchas veces a gente necesitada y a j\u00f3venes que enfrentan enfermedades duras. Sabemos de sus donativos, su apoyo econ\u00f3mico a muchas causas\u201d, dijo Rodr\u00edguez quien confirm\u00f3 que ya se trabaja la solicitud para el cambio de nombre.<\/p>\n","protected":false},"excerpt":{"rendered":"<p>En marzo de 2008, Ana Gabriela Guevara fue homenajeada en el municipio de Atizap\u00e1n de Zaragoza. Adem\u00e1s de una estatua, la Ciudad Deportiva donde se encuentra la figura de la exvelocista fue nombrada como ella. Sin embargo, eso podr\u00eda cambiar pr\u00f3ximamente. La actual titular de la Conade se encuentra en el foco de las cr\u00edticas debido a sus pol\u00e9micas declaraciones<\/p>\n<div class=\"h10\"><\/div>\n<p><a class=\"more-link2 flat\" href=\"https:\/\/elconspirador.com.mx\/?p=28621\">Leer m\u00e1s<\/a><\/p>\n","protected":false},"author":1,"featured_media":28623,"comment_status":"open","ping_status":"open","sticky":false,"template":"","format":"standard","meta":{"om_disable_all_campaigns":false,"_uf_show_specific_survey":0,"_uf_disable_surveys":false},"categories":[68],"tags":[],"aioseo_notices":[],"_links":{"self":[{"href":"https:\/\/elconspirador.com.mx\/index.php?rest_route=\/wp\/v2\/posts\/28621"}],"collection":[{"href":"https:\/\/elconspirador.com.mx\/index.php?rest_route=\/wp\/v2\/posts"}],"about":[{"href":"https:\/\/elconspirador.com.mx\/index.php?rest_route=\/wp\/v2\/types\/post"}],"author":[{"embeddable":true,"href":"https:\/\/elconspirador.com.mx\/index.php?rest_route=\/wp\/v2\/users\/1"}],"replies":[{"embeddable":true,"href":"https:\/\/elconspirador.com.mx\/index.php?rest_route=%2Fwp%2Fv2%2Fcomments&post=28621"}],"version-history":[{"count":1,"href":"https:\/\/elconspirador.com.mx\/index.php?rest_route=\/wp\/v2\/posts\/28621\/revisions"}],"predecessor-version":[{"id":28622,"href":"https:\/\/elconspirador.com.mx\/index.php?rest_route=\/wp\/v2\/posts\/28621\/revisions\/28622"}],"wp:featuredmedia":[{"embeddable":true,"href":"https:\/\/elconspirador.com.mx\/index.php?rest_route=\/wp\/v2\/media\/28623"}],"wp:attachment":[{"href":"https:\/\/elconspirador.com.mx\/index.php?rest_route=%2Fwp%2Fv2%2Fmedia&parent=28621"}],"wp:term":[{"taxonomy":"category","embeddable":true,"href":"https:\/\/elconspirador.com.mx\/index.php?rest_route=%2Fwp%2Fv2%2Fcategories&post=28621"},{"taxonomy":"post_tag","embeddable":true,"href":"https:\/\/elconspirador.com.mx\/index.php?rest_route=%2Fwp%2Fv2%2Ftags&post=28621"}],"curies":[{"name":"wp","href":"https:\/\/api.w.org\/{rel}","templated":true}]}}