{"id":28637,"date":"2023-06-18T11:49:01","date_gmt":"2023-06-18T17:49:01","guid":{"rendered":"https:\/\/elconspirador.com.mx\/?p=28637"},"modified":"2023-06-18T10:49:18","modified_gmt":"2023-06-18T16:49:18","slug":"anuncia-la-capital-sexta-convocatoria-de-con-ellas","status":"publish","type":"post","link":"https:\/\/elconspirador.com.mx\/?p=28637","title":{"rendered":"ANUNCIA LA CAPITAL SEXTA CONVOCATORIA DE \u201cCON ELLAS\u201d"},"content":{"rendered":"<p>&nbsp;<\/p>\n<p>Acompa\u00f1ado por su esposa y Presidenta del Patronato del Sistema Municipal DIF, Arah\u00ed Dom\u00ednguez, el Presidente Municipal de Quer\u00e9taro, Luis Nava, anunci\u00f3 la convocatoria para que 2 mil 200 mujeres puedan integrar la sexta generaci\u00f3n del programa Con Ellas, y obtener el apoyo y herramientas que requieren para desarrollarse personalmente y mejorar su calidad de vida y la de sus familias.<\/p>\n<p>&#8220;En este municipio apoyamos a las mujeres e impulsamos su desarrollo personal, profesional y laboral para mejorar sus condiciones de vida y de sus familias porque queremos sacar todo el potencial de nuestro municipio. Queremos que nuestro municipio pueda detonar, crecer, desarrollarse y esto implica que debemos de aprovechar e impulsar toda la capacidad y el potencial que tienen nuestras mujeres&#8221;, se\u00f1al\u00f3 Luis Nava.<\/p>\n<p>Por su parte, Arah\u00ed Dom\u00ednguez record\u00f3 que con el programa \u201cCon Ellas\u201d las mujeres pueden impulsar su crecimiento personal a trav\u00e9s de dos etapas; la primera dirigida a reforzar sus conocimientos sobre sus derechos humanos, autocuidado y bienestar socio-emocional. Mientras que en la segunda etapa obtienen herramientas para continuar con sus estudios, obtener un empleo, desarrollar un proyecto productivo, para el cual tambi\u00e9n existe la posibilidad de un apoyo econ\u00f3mico, o vivir a plenitud sus a\u00f1os en la tercera edad. Tambi\u00e9n coment\u00f3 que para las mujeres que as\u00ed lo requieren, tambi\u00e9n se abren talleres o actividades para el cuidado de sus hijos durante sus cursos.<\/p>\n<p>La Coordinadora del programa, Fernanda Padilla Mart\u00ednez, invit\u00f3 a las interesadas a consultar las bases en la p\u00e1gina web www.municipiodequeretaro.gob.mx y tener listos sus documentos b\u00e1sicos para ingresarlos a partir del lunes 19 de junio y hasta el 1 de julio.<\/p>\n<p>Entre los requisitos est\u00e1n: contar con INE y comprobante de domicilio en el municipio, CURP y llenar un formato de pre registro para informar que no han participado en generaciones anteriores del programa y si son mayores de edad o menores con dependientes econ\u00f3micos, entre otros datos.<\/p>\n<p>Gracias a las cinco generaciones anteriores del programa Con Ellas, m\u00e1s de 10 mil mujeres de la capital han tenido acceso, de manera gratuita, a talleres, cursos, capacitaciones y orientaciones para su formaci\u00f3n personal y la de sus familias. En la quinta generaci\u00f3n que se mantiene trabajando a la fecha, participan mil 900 mujeres que ya han atravesado por la primera etapa y est\u00e1n por cursar los programas correspondientes a la capacitaci\u00f3n y orientaci\u00f3n para aprender un oficio, emprender un negocio o retomar sus estudios.<\/p>\n","protected":false},"excerpt":{"rendered":"<p>&nbsp; Acompa\u00f1ado por su esposa y Presidenta del Patronato del Sistema Municipal DIF, Arah\u00ed Dom\u00ednguez, el Presidente Municipal de Quer\u00e9taro, Luis Nava, anunci\u00f3 la convocatoria para que 2 mil 200 mujeres puedan integrar la sexta generaci\u00f3n del programa Con Ellas, y obtener el apoyo y herramientas que requieren para desarrollarse personalmente y mejorar su calidad de vida y la de<\/p>\n<div class=\"h10\"><\/div>\n<p><a class=\"more-link2 flat\" href=\"https:\/\/elconspirador.com.mx\/?p=28637\">Leer m\u00e1s<\/a><\/p>\n","protected":false},"author":1,"featured_media":28638,"comment_status":"open","ping_status":"open","sticky":false,"template":"","format":"standard","meta":{"om_disable_all_campaigns":false,"_uf_show_specific_survey":0,"_uf_disable_surveys":false},"categories":[1],"tags":[],"aioseo_notices":[],"_links":{"self":[{"href":"https:\/\/elconspirador.com.mx\/index.php?rest_route=\/wp\/v2\/posts\/28637"}],"collection":[{"href":"https:\/\/elconspirador.com.mx\/index.php?rest_route=\/wp\/v2\/posts"}],"about":[{"href":"https:\/\/elconspirador.com.mx\/index.php?rest_route=\/wp\/v2\/types\/post"}],"author":[{"embeddable":true,"href":"https:\/\/elconspirador.com.mx\/index.php?rest_route=\/wp\/v2\/users\/1"}],"replies":[{"embeddable":true,"href":"https:\/\/elconspirador.com.mx\/index.php?rest_route=%2Fwp%2Fv2%2Fcomments&post=28637"}],"version-history":[{"count":1,"href":"https:\/\/elconspirador.com.mx\/index.php?rest_route=\/wp\/v2\/posts\/28637\/revisions"}],"predecessor-version":[{"id":28639,"href":"https:\/\/elconspirador.com.mx\/index.php?rest_route=\/wp\/v2\/posts\/28637\/revisions\/28639"}],"wp:featuredmedia":[{"embeddable":true,"href":"https:\/\/elconspirador.com.mx\/index.php?rest_route=\/wp\/v2\/media\/28638"}],"wp:attachment":[{"href":"https:\/\/elconspirador.com.mx\/index.php?rest_route=%2Fwp%2Fv2%2Fmedia&parent=28637"}],"wp:term":[{"taxonomy":"category","embeddable":true,"href":"https:\/\/elconspirador.com.mx\/index.php?rest_route=%2Fwp%2Fv2%2Fcategories&post=28637"},{"taxonomy":"post_tag","embeddable":true,"href":"https:\/\/elconspirador.com.mx\/index.php?rest_route=%2Fwp%2Fv2%2Ftags&post=28637"}],"curies":[{"name":"wp","href":"https:\/\/api.w.org\/{rel}","templated":true}]}}