{"id":28640,"date":"2023-06-15T21:25:00","date_gmt":"2023-06-16T03:25:00","guid":{"rendered":"https:\/\/elconspirador.com.mx\/?p=28640"},"modified":"2023-06-15T21:25:00","modified_gmt":"2023-06-16T03:25:00","slug":"se-manifiestan-para-exigir-la-liberacion-de-presos-de-escolasticas","status":"publish","type":"post","link":"https:\/\/elconspirador.com.mx\/?p=28640","title":{"rendered":"SE MANIFIESTAN PARA EXIGIR LA LIBERACI\u00d3N DE PRESOS DE ESCOLASTICAS"},"content":{"rendered":"<p>Esta ma\u00f1ana, alrededor de 20 personas se manifestaron para exigir la liberaci\u00f3n de las 11 personas que fueron detenidas el pasado martes en Escol\u00e1sticas, Pedro Escobedo, por presuntos despojo y agresiones.<\/p>\n<p>Los manifestantes marcharon de El Tanque de Quer\u00e9taro hacia Palacio de Gobierno, pasando por distintas calles de la ciudad, exigiendo justicia.<\/p>\n<p>Acusaron que el martes pasado fueron v\u00edctimas de agresi\u00f3n de polic\u00edas municipales y estatales, as\u00ed como de personal de gobierno del estado, y se\u00f1alaron que la Defensor\u00eda de Derechos Humanos de Quer\u00e9taro (DDHQ) ha sido omisa en el pronunciamiento por dicha situaci\u00f3n.<\/p>\n<p>Refirieron que se trata de un conflicto de hace a\u00f1os, en el que est\u00e1 involucrado el alcalde Amarildo B\u00e1rcenas.<\/p>\n<p>\u201cUnos manantiales y unos sabinos, ellos se los quieren apropiar, entonces todo este movimiento del pueblo empez\u00f3 por eso, ya habido demandas, amenazas y llegaron a llevarse a la delegada de Escol\u00e1sticas y a un menor\u201d, dijo una de las manifestantes.<\/p>\n<p>Adem\u00e1s, asever\u00f3 que su petici\u00f3n fue pac\u00edfica, aunque los polic\u00edas y de la fiscal\u00eda no actuaron conforme protocolo. Incluso, se\u00f1alaron que apenas el mi\u00e9rcoles se tuvo conocimiento de d\u00f3nde se encuentran algunos de los detenidos.<\/p>\n<p>\u201cHay oficiales que empezaron a sacar pistola, que empiezan a aventar piedras y el pueblo de alguna manera se defendi\u00f3. Hay varias personas, traen moretones, rasgu\u00f1os, les aventaron los perros, a un muchacho de los detenidos le rompieron un pie, se lo llevaron as\u00ed, a una se\u00f1ora le rompieron la nariz\u201d, abund\u00f3.<\/p>\n","protected":false},"excerpt":{"rendered":"<p>Esta ma\u00f1ana, alrededor de 20 personas se manifestaron para exigir la liberaci\u00f3n de las 11 personas que fueron detenidas el pasado martes en Escol\u00e1sticas, Pedro Escobedo, por presuntos despojo y agresiones. Los manifestantes marcharon de El Tanque de Quer\u00e9taro hacia Palacio de Gobierno, pasando por distintas calles de la ciudad, exigiendo justicia. Acusaron que el martes pasado fueron v\u00edctimas de<\/p>\n<div class=\"h10\"><\/div>\n<p><a class=\"more-link2 flat\" href=\"https:\/\/elconspirador.com.mx\/?p=28640\">Leer m\u00e1s<\/a><\/p>\n","protected":false},"author":1,"featured_media":28641,"comment_status":"open","ping_status":"open","sticky":false,"template":"","format":"standard","meta":{"om_disable_all_campaigns":false,"_uf_show_specific_survey":0,"_uf_disable_surveys":false},"categories":[1],"tags":[],"aioseo_notices":[],"_links":{"self":[{"href":"https:\/\/elconspirador.com.mx\/index.php?rest_route=\/wp\/v2\/posts\/28640"}],"collection":[{"href":"https:\/\/elconspirador.com.mx\/index.php?rest_route=\/wp\/v2\/posts"}],"about":[{"href":"https:\/\/elconspirador.com.mx\/index.php?rest_route=\/wp\/v2\/types\/post"}],"author":[{"embeddable":true,"href":"https:\/\/elconspirador.com.mx\/index.php?rest_route=\/wp\/v2\/users\/1"}],"replies":[{"embeddable":true,"href":"https:\/\/elconspirador.com.mx\/index.php?rest_route=%2Fwp%2Fv2%2Fcomments&post=28640"}],"version-history":[{"count":1,"href":"https:\/\/elconspirador.com.mx\/index.php?rest_route=\/wp\/v2\/posts\/28640\/revisions"}],"predecessor-version":[{"id":28642,"href":"https:\/\/elconspirador.com.mx\/index.php?rest_route=\/wp\/v2\/posts\/28640\/revisions\/28642"}],"wp:featuredmedia":[{"embeddable":true,"href":"https:\/\/elconspirador.com.mx\/index.php?rest_route=\/wp\/v2\/media\/28641"}],"wp:attachment":[{"href":"https:\/\/elconspirador.com.mx\/index.php?rest_route=%2Fwp%2Fv2%2Fmedia&parent=28640"}],"wp:term":[{"taxonomy":"category","embeddable":true,"href":"https:\/\/elconspirador.com.mx\/index.php?rest_route=%2Fwp%2Fv2%2Fcategories&post=28640"},{"taxonomy":"post_tag","embeddable":true,"href":"https:\/\/elconspirador.com.mx\/index.php?rest_route=%2Fwp%2Fv2%2Ftags&post=28640"}],"curies":[{"name":"wp","href":"https:\/\/api.w.org\/{rel}","templated":true}]}}