{"id":28643,"date":"2023-06-18T10:47:57","date_gmt":"2023-06-18T16:47:57","guid":{"rendered":"https:\/\/elconspirador.com.mx\/?p=28643"},"modified":"2023-06-18T10:47:57","modified_gmt":"2023-06-18T16:47:57","slug":"fiscalia-debe-atender-demanda-de-manifestantes","status":"publish","type":"post","link":"https:\/\/elconspirador.com.mx\/?p=28643","title":{"rendered":"FISCAL\u00cdA DEBE ATENDER DEMANDA DE MANIFESTANTES"},"content":{"rendered":"<p>La liberaci\u00f3n de habitantes de Escol\u00e1sticas, Pedro Escobedo, le corresponde a la Fiscal\u00eda General del estado, se\u00f1al\u00f3 Guadalupe Murgu\u00eda Guti\u00e9rrez, secretaria de gobierno de Quer\u00e9taro.<\/p>\n<p>Esto ante la exigencia de habitantes de la comunidad de que se libere a las dos personas detenidas por presunto despojo y a las nueve acusadas de agredir a polic\u00edas.<\/p>\n<p>\u201cEs un asunto que corresponde a la fiscal\u00eda que atendi\u00f3 a una orden judicial para llevar a cabo la detenci\u00f3n de dos personas. S\u00ed sabemos que hubo una reacci\u00f3n violenta de los pobladores hacia los polic\u00edas\u201d, dijo.<\/p>\n<p>La funcionaria refiri\u00f3 que los concertadores de la dependencia que encabeza acudieron para generar un di\u00e1logo con los habitantes; sin embargo, indic\u00f3 que hubo desacuerdos.<\/p>\n<p>Adem\u00e1s, asever\u00f3 que las detenciones de las dos personas por despojo se encuentran respaldadas por una orden judicial que fue ejecutada por la Fiscal\u00eda General.<\/p>\n<p>\u201cEs un asunto del orden jur\u00eddico, canalizarlos a las instancias correspondientes dependiendo de lo que requieran, si cuentan con asesor\u00eda jur\u00eddica adecuada, mesas de trabajo, el derecho a manifestarse est\u00e1 reconocido y se respeta\u201d, a\u00f1adi\u00f3.<\/p>\n","protected":false},"excerpt":{"rendered":"<p>La liberaci\u00f3n de habitantes de Escol\u00e1sticas, Pedro Escobedo, le corresponde a la Fiscal\u00eda General del estado, se\u00f1al\u00f3 Guadalupe Murgu\u00eda Guti\u00e9rrez, secretaria de gobierno de Quer\u00e9taro. Esto ante la exigencia de habitantes de la comunidad de que se libere a las dos personas detenidas por presunto despojo y a las nueve acusadas de agredir a polic\u00edas. \u201cEs un asunto que corresponde<\/p>\n<div class=\"h10\"><\/div>\n<p><a class=\"more-link2 flat\" href=\"https:\/\/elconspirador.com.mx\/?p=28643\">Leer m\u00e1s<\/a><\/p>\n","protected":false},"author":1,"featured_media":28644,"comment_status":"open","ping_status":"open","sticky":false,"template":"","format":"standard","meta":{"om_disable_all_campaigns":false,"_uf_show_specific_survey":0,"_uf_disable_surveys":false},"categories":[1],"tags":[],"aioseo_notices":[],"_links":{"self":[{"href":"https:\/\/elconspirador.com.mx\/index.php?rest_route=\/wp\/v2\/posts\/28643"}],"collection":[{"href":"https:\/\/elconspirador.com.mx\/index.php?rest_route=\/wp\/v2\/posts"}],"about":[{"href":"https:\/\/elconspirador.com.mx\/index.php?rest_route=\/wp\/v2\/types\/post"}],"author":[{"embeddable":true,"href":"https:\/\/elconspirador.com.mx\/index.php?rest_route=\/wp\/v2\/users\/1"}],"replies":[{"embeddable":true,"href":"https:\/\/elconspirador.com.mx\/index.php?rest_route=%2Fwp%2Fv2%2Fcomments&post=28643"}],"version-history":[{"count":1,"href":"https:\/\/elconspirador.com.mx\/index.php?rest_route=\/wp\/v2\/posts\/28643\/revisions"}],"predecessor-version":[{"id":28645,"href":"https:\/\/elconspirador.com.mx\/index.php?rest_route=\/wp\/v2\/posts\/28643\/revisions\/28645"}],"wp:featuredmedia":[{"embeddable":true,"href":"https:\/\/elconspirador.com.mx\/index.php?rest_route=\/wp\/v2\/media\/28644"}],"wp:attachment":[{"href":"https:\/\/elconspirador.com.mx\/index.php?rest_route=%2Fwp%2Fv2%2Fmedia&parent=28643"}],"wp:term":[{"taxonomy":"category","embeddable":true,"href":"https:\/\/elconspirador.com.mx\/index.php?rest_route=%2Fwp%2Fv2%2Fcategories&post=28643"},{"taxonomy":"post_tag","embeddable":true,"href":"https:\/\/elconspirador.com.mx\/index.php?rest_route=%2Fwp%2Fv2%2Ftags&post=28643"}],"curies":[{"name":"wp","href":"https:\/\/api.w.org\/{rel}","templated":true}]}}