{"id":28646,"date":"2023-06-15T13:57:57","date_gmt":"2023-06-15T19:57:57","guid":{"rendered":"https:\/\/elconspirador.com.mx\/?p=28646"},"modified":"2023-06-15T13:57:57","modified_gmt":"2023-06-15T19:57:57","slug":"anuncian-quinta-generacion-del-programa-con-ellas","status":"publish","type":"post","link":"https:\/\/elconspirador.com.mx\/?p=28646","title":{"rendered":"ANUNCIAN QUINTA GENERACI\u00d3N DEL PROGRAMA \u201cCON ELLAS\u201d"},"content":{"rendered":"<p>El alcalde, Luis Bernardo Nava, anunci\u00f3 la convocatoria para quinta generaci\u00f3n del programa \u201cCon Ellas\u201d que ha beneficiado a m\u00e1s de 10 mil mujeres en la capital.<\/p>\n<p>\u201cHace casi 5 a\u00f1os nos planteamos mejorar la calidad de vida de las familias que habitan en la ciudad y nos dimos cuenta que para tener \u00e9xito deb\u00edamos impulsar el desarrollo personal, profesional y laboral de las mujeres en nuestro municipio, hoy esta es una pol\u00edtica p\u00fablica social que est\u00e1 impactando directamente en miles de mujeres a trav\u00e9s del programa Con Ellas y la Universidad de las Mujeres a trav\u00e9s del programa que est\u00e1 alineado a los objetivo del desarrollo sostenible de impulsa la ONU\u201d.<\/p>\n<p>Para esta generaci\u00f3n podr\u00e1n participar hasta 2 mil 200 mujeres queretanas en los cursos y talleres que ofrece este programa.<br \/>\nLa presidenta del sistema DIF Municipal Arah\u00ed Dom\u00ednguez explic\u00f3 que las m\u00e1s de mil mujeres de la quinta generaci\u00f3n concluyeron la primera etapa y est\u00e1n a punto de arrancar la segunda que consta de talleres y cursos en materia de Derechos Humanos, bienestar y prevenci\u00f3n y atenci\u00f3n de la violencia de g\u00e9nero.<\/p>\n<p>Agreto que tambi\u00e9n analizan temas de empoderamiento, liderazgo, socioemociones, uso de las tecnolog\u00edas, activaci\u00f3n f\u00edsica, nataci\u00f3n, manejo y asesor\u00eda personal especializada.<\/p>\n","protected":false},"excerpt":{"rendered":"<p>El alcalde, Luis Bernardo Nava, anunci\u00f3 la convocatoria para quinta generaci\u00f3n del programa \u201cCon Ellas\u201d que ha beneficiado a m\u00e1s de 10 mil mujeres en la capital. \u201cHace casi 5 a\u00f1os nos planteamos mejorar la calidad de vida de las familias que habitan en la ciudad y nos dimos cuenta que para tener \u00e9xito deb\u00edamos impulsar el desarrollo personal, profesional<\/p>\n<div class=\"h10\"><\/div>\n<p><a class=\"more-link2 flat\" href=\"https:\/\/elconspirador.com.mx\/?p=28646\">Leer m\u00e1s<\/a><\/p>\n","protected":false},"author":1,"featured_media":28647,"comment_status":"open","ping_status":"open","sticky":false,"template":"","format":"standard","meta":{"om_disable_all_campaigns":false,"_uf_show_specific_survey":0,"_uf_disable_surveys":false},"categories":[1],"tags":[],"aioseo_notices":[],"_links":{"self":[{"href":"https:\/\/elconspirador.com.mx\/index.php?rest_route=\/wp\/v2\/posts\/28646"}],"collection":[{"href":"https:\/\/elconspirador.com.mx\/index.php?rest_route=\/wp\/v2\/posts"}],"about":[{"href":"https:\/\/elconspirador.com.mx\/index.php?rest_route=\/wp\/v2\/types\/post"}],"author":[{"embeddable":true,"href":"https:\/\/elconspirador.com.mx\/index.php?rest_route=\/wp\/v2\/users\/1"}],"replies":[{"embeddable":true,"href":"https:\/\/elconspirador.com.mx\/index.php?rest_route=%2Fwp%2Fv2%2Fcomments&post=28646"}],"version-history":[{"count":1,"href":"https:\/\/elconspirador.com.mx\/index.php?rest_route=\/wp\/v2\/posts\/28646\/revisions"}],"predecessor-version":[{"id":28648,"href":"https:\/\/elconspirador.com.mx\/index.php?rest_route=\/wp\/v2\/posts\/28646\/revisions\/28648"}],"wp:featuredmedia":[{"embeddable":true,"href":"https:\/\/elconspirador.com.mx\/index.php?rest_route=\/wp\/v2\/media\/28647"}],"wp:attachment":[{"href":"https:\/\/elconspirador.com.mx\/index.php?rest_route=%2Fwp%2Fv2%2Fmedia&parent=28646"}],"wp:term":[{"taxonomy":"category","embeddable":true,"href":"https:\/\/elconspirador.com.mx\/index.php?rest_route=%2Fwp%2Fv2%2Fcategories&post=28646"},{"taxonomy":"post_tag","embeddable":true,"href":"https:\/\/elconspirador.com.mx\/index.php?rest_route=%2Fwp%2Fv2%2Ftags&post=28646"}],"curies":[{"name":"wp","href":"https:\/\/api.w.org\/{rel}","templated":true}]}}