{"id":28652,"date":"2023-06-15T20:07:17","date_gmt":"2023-06-16T02:07:17","guid":{"rendered":"https:\/\/elconspirador.com.mx\/?p=28652"},"modified":"2023-06-15T20:07:17","modified_gmt":"2023-06-16T02:07:17","slug":"kuri-vs-aumento-de-sueldos-en-colon","status":"publish","type":"post","link":"https:\/\/elconspirador.com.mx\/?p=28652","title":{"rendered":"KURI VS AUMENTO DE SUELDOS EN COL\u00d3N"},"content":{"rendered":"<p>El gobernador Mauricio Kuri Gonz\u00e1lez se pronunci\u00f3 en contra de la decisi\u00f3n de los regidores de Col\u00f3n, de incrementarse al doble su salario.<\/p>\n<p>Esto porque al inicio de la presente semana, los regidores votaron a favor de incrementar su dieta, de 43 mil a 85 mil pesos mensuales, con voto en contra del alcalde.<\/p>\n<p>Por ello, el gobernador sugiri\u00f3 que la Entidad Superior de Fiscalizaci\u00f3n del Estado revise los mecanismos legales para impedir que esta reforma pase.<\/p>\n<p>&#8220;Habr\u00e1 que revisar porque la ESFE tendr\u00eda que entrar, porque creo que hay una ley que no permite que haya eso, creo que la ESFE tendr\u00eda que revisarlo&#8221;.<\/p>\n<p>Adem\u00e1s, consider\u00f3 que la decisi\u00f3n no tiene empat\u00eda con los ciudadanos de Col\u00f3n, dada la situaci\u00f3n de desigualdad en la demarcaci\u00f3n y el estado.<\/p>\n<p>Caso Escol\u00e1sticas<\/p>\n<p>Pese al pedido de los habitantes de Escol\u00e1sticas, Pedro Escobedo, de liberar a los 11 detenidos que se opon\u00edan a la privatizaci\u00f3n del manantial, el gobernador asegur\u00f3 que no se dejar\u00e1 influenciar por presiones pol\u00edticas.<\/p>\n<p>&#8220;Son temas jur\u00eddicos, nosotros nunca nos hemos dejado presionar por cuestiones pol\u00edticas. En Quer\u00e9taro hay estado de derecho, yo les recomendar\u00eda que tengan una asesor\u00eda jur\u00eddica y no una asesor\u00eda pol\u00edtica&#8221;.<\/p>\n<p>En ese sentido, se\u00f1al\u00f3 que detr\u00e1s de las manifestaciones hay intereses pol\u00edticos y personales, aunque no se\u00f1al\u00f3 a uno en particular.<\/p>\n<p>&#8220;No quiero meter m\u00e1s, pero sabemos que hay un partido pol\u00edtico que est\u00e1 atr\u00e1s de ellos y sobre todo personajes&#8221;.<\/p>\n","protected":false},"excerpt":{"rendered":"<p>El gobernador Mauricio Kuri Gonz\u00e1lez se pronunci\u00f3 en contra de la decisi\u00f3n de los regidores de Col\u00f3n, de incrementarse al doble su salario. Esto porque al inicio de la presente semana, los regidores votaron a favor de incrementar su dieta, de 43 mil a 85 mil pesos mensuales, con voto en contra del alcalde. Por ello, el gobernador sugiri\u00f3 que<\/p>\n<div class=\"h10\"><\/div>\n<p><a class=\"more-link2 flat\" href=\"https:\/\/elconspirador.com.mx\/?p=28652\">Leer m\u00e1s<\/a><\/p>\n","protected":false},"author":1,"featured_media":28653,"comment_status":"open","ping_status":"open","sticky":false,"template":"","format":"standard","meta":{"om_disable_all_campaigns":false,"_uf_show_specific_survey":0,"_uf_disable_surveys":false},"categories":[1],"tags":[],"aioseo_notices":[],"_links":{"self":[{"href":"https:\/\/elconspirador.com.mx\/index.php?rest_route=\/wp\/v2\/posts\/28652"}],"collection":[{"href":"https:\/\/elconspirador.com.mx\/index.php?rest_route=\/wp\/v2\/posts"}],"about":[{"href":"https:\/\/elconspirador.com.mx\/index.php?rest_route=\/wp\/v2\/types\/post"}],"author":[{"embeddable":true,"href":"https:\/\/elconspirador.com.mx\/index.php?rest_route=\/wp\/v2\/users\/1"}],"replies":[{"embeddable":true,"href":"https:\/\/elconspirador.com.mx\/index.php?rest_route=%2Fwp%2Fv2%2Fcomments&post=28652"}],"version-history":[{"count":1,"href":"https:\/\/elconspirador.com.mx\/index.php?rest_route=\/wp\/v2\/posts\/28652\/revisions"}],"predecessor-version":[{"id":28654,"href":"https:\/\/elconspirador.com.mx\/index.php?rest_route=\/wp\/v2\/posts\/28652\/revisions\/28654"}],"wp:featuredmedia":[{"embeddable":true,"href":"https:\/\/elconspirador.com.mx\/index.php?rest_route=\/wp\/v2\/media\/28653"}],"wp:attachment":[{"href":"https:\/\/elconspirador.com.mx\/index.php?rest_route=%2Fwp%2Fv2%2Fmedia&parent=28652"}],"wp:term":[{"taxonomy":"category","embeddable":true,"href":"https:\/\/elconspirador.com.mx\/index.php?rest_route=%2Fwp%2Fv2%2Fcategories&post=28652"},{"taxonomy":"post_tag","embeddable":true,"href":"https:\/\/elconspirador.com.mx\/index.php?rest_route=%2Fwp%2Fv2%2Ftags&post=28652"}],"curies":[{"name":"wp","href":"https:\/\/api.w.org\/{rel}","templated":true}]}}