{"id":28661,"date":"2023-06-15T16:14:54","date_gmt":"2023-06-15T22:14:54","guid":{"rendered":"https:\/\/elconspirador.com.mx\/?p=28661"},"modified":"2023-06-15T16:14:54","modified_gmt":"2023-06-15T22:14:54","slug":"red-conectar-ayuda-a-localizar-a-menor","status":"publish","type":"post","link":"https:\/\/elconspirador.com.mx\/?p=28661","title":{"rendered":"RED CONECTAR AYUDA A LOCALIZAR A MENOR"},"content":{"rendered":"<p>Con la Red Conectar y la participaci\u00f3n de la ciudadan\u00eda, empresas, plazas comerciales, instituciones p\u00fablicas y corporaciones de seguridad, se logr\u00f3 la m\u00e1xima difusi\u00f3n de la Alerta AMBER, con impacto superior a los 5 millones de personas que consultaron y vieron la c\u00e9dula, a trav\u00e9s de distintos puntos de difusi\u00f3n. Se emiti\u00f3 el 14 de junio y que despu\u00e9s de 5 horas, se logr\u00f3 la localizaci\u00f3n sana y salva de una ni\u00f1a de 11 a\u00f1os de edad.<\/p>\n<p>De manera digital, la Alerta AMBER fue activada a trav\u00e9s del Sistema Inform\u00e1tico \u00danico y notific\u00f3 a las m\u00e1s de 80 instituciones que ya participan y que firmaron el convenio de colaboraci\u00f3n, el pasado lunes 12 de junio. El alcance estimado, fue superado, en el sentido que la m\u00e1xima difusi\u00f3n rebas\u00f3 los l\u00edmites del estado.<\/p>\n<p>La Alerta AMBER se difundi\u00f3 en redes sociales, a trav\u00e9s de las cuentas oficiales de las instituciones y medios de comunicaci\u00f3n. Adem\u00e1s, de utilizar otros canales como las pantallas que se encuentran en las principales avenidas, hospitales, centros comerciales y hasta en el Aeropuerto Internacional de Quer\u00e9taro.<\/p>\n","protected":false},"excerpt":{"rendered":"<p>Con la Red Conectar y la participaci\u00f3n de la ciudadan\u00eda, empresas, plazas comerciales, instituciones p\u00fablicas y corporaciones de seguridad, se logr\u00f3 la m\u00e1xima difusi\u00f3n de la Alerta AMBER, con impacto superior a los 5 millones de personas que consultaron y vieron la c\u00e9dula, a trav\u00e9s de distintos puntos de difusi\u00f3n. Se emiti\u00f3 el 14 de junio y que despu\u00e9s de<\/p>\n<div class=\"h10\"><\/div>\n<p><a class=\"more-link2 flat\" href=\"https:\/\/elconspirador.com.mx\/?p=28661\">Leer m\u00e1s<\/a><\/p>\n","protected":false},"author":1,"featured_media":28662,"comment_status":"open","ping_status":"open","sticky":false,"template":"","format":"standard","meta":{"om_disable_all_campaigns":false,"_uf_show_specific_survey":0,"_uf_disable_surveys":false},"categories":[1],"tags":[],"aioseo_notices":[],"_links":{"self":[{"href":"https:\/\/elconspirador.com.mx\/index.php?rest_route=\/wp\/v2\/posts\/28661"}],"collection":[{"href":"https:\/\/elconspirador.com.mx\/index.php?rest_route=\/wp\/v2\/posts"}],"about":[{"href":"https:\/\/elconspirador.com.mx\/index.php?rest_route=\/wp\/v2\/types\/post"}],"author":[{"embeddable":true,"href":"https:\/\/elconspirador.com.mx\/index.php?rest_route=\/wp\/v2\/users\/1"}],"replies":[{"embeddable":true,"href":"https:\/\/elconspirador.com.mx\/index.php?rest_route=%2Fwp%2Fv2%2Fcomments&post=28661"}],"version-history":[{"count":1,"href":"https:\/\/elconspirador.com.mx\/index.php?rest_route=\/wp\/v2\/posts\/28661\/revisions"}],"predecessor-version":[{"id":28663,"href":"https:\/\/elconspirador.com.mx\/index.php?rest_route=\/wp\/v2\/posts\/28661\/revisions\/28663"}],"wp:featuredmedia":[{"embeddable":true,"href":"https:\/\/elconspirador.com.mx\/index.php?rest_route=\/wp\/v2\/media\/28662"}],"wp:attachment":[{"href":"https:\/\/elconspirador.com.mx\/index.php?rest_route=%2Fwp%2Fv2%2Fmedia&parent=28661"}],"wp:term":[{"taxonomy":"category","embeddable":true,"href":"https:\/\/elconspirador.com.mx\/index.php?rest_route=%2Fwp%2Fv2%2Fcategories&post=28661"},{"taxonomy":"post_tag","embeddable":true,"href":"https:\/\/elconspirador.com.mx\/index.php?rest_route=%2Fwp%2Fv2%2Ftags&post=28661"}],"curies":[{"name":"wp","href":"https:\/\/api.w.org\/{rel}","templated":true}]}}