{"id":28664,"date":"2023-06-15T18:41:29","date_gmt":"2023-06-16T00:41:29","guid":{"rendered":"https:\/\/elconspirador.com.mx\/?p=28664"},"modified":"2023-06-15T18:41:29","modified_gmt":"2023-06-16T00:41:29","slug":"tarifa-unidos-reporta-fallas","status":"publish","type":"post","link":"https:\/\/elconspirador.com.mx\/?p=28664","title":{"rendered":"\u201cTARIFA UNIDOS\u201d REPORTA FALLAS"},"content":{"rendered":"<p>Alrededor de mil 200 tarjetas de estudiantes de la zona metropolitana tuvieron fallas en la aplicaci\u00f3n de la tarifa UniDos del transporte p\u00fablico en la zona metropolitana, confirm\u00f3 Gerardo Cuanalo Santos, director de la Agencia de Movilidad de Quer\u00e9taro (Ameq).<\/p>\n<p>El director afirm\u00f3 que se debi\u00f3 a fallas en la energ\u00eda, lo que ocasion\u00f3 que se desconfigurara el programa de apoyo y los estudiantes pagaran nueve pesos en vez de dos pesos por cada viaje.<\/p>\n<p>\u201cTuvimos un incidente t\u00e9cnico por la cuesti\u00f3n de las bajadas de luz en las estaciones, hubo algunas tarjetas que se desconfiguraron, es solamente un tema de programaci\u00f3n y ya se corrigi\u00f3 pr\u00e1cticamente\u201d, dijo.<\/p>\n<p>Cuanalo Santos apunt\u00f3 que el desajuste ya fue resuelto; sin embargo, mencion\u00f3 que en caso de que usuarios a\u00fan presenten problemas pueden acercarse a la Agencia de Movilidad para hacer la aclaraci\u00f3n correspondiente.<\/p>\n<p>\u201cNo se boletin\u00f3 la tarjeta, simplemente por alguna raz\u00f3n desactiv\u00f3 el programa, ya se corrigi\u00f3 y cualquier persona que quiera que se aclare el tema del saldo, si hay alguna afectaci\u00f3n, nos puede contactar en la agencia\u201d, indic\u00f3.<\/p>\n","protected":false},"excerpt":{"rendered":"<p>Alrededor de mil 200 tarjetas de estudiantes de la zona metropolitana tuvieron fallas en la aplicaci\u00f3n de la tarifa UniDos del transporte p\u00fablico en la zona metropolitana, confirm\u00f3 Gerardo Cuanalo Santos, director de la Agencia de Movilidad de Quer\u00e9taro (Ameq). El director afirm\u00f3 que se debi\u00f3 a fallas en la energ\u00eda, lo que ocasion\u00f3 que se desconfigurara el programa de<\/p>\n<div class=\"h10\"><\/div>\n<p><a class=\"more-link2 flat\" href=\"https:\/\/elconspirador.com.mx\/?p=28664\">Leer m\u00e1s<\/a><\/p>\n","protected":false},"author":1,"featured_media":28665,"comment_status":"open","ping_status":"open","sticky":false,"template":"","format":"standard","meta":{"om_disable_all_campaigns":false,"_uf_show_specific_survey":0,"_uf_disable_surveys":false},"categories":[1],"tags":[],"aioseo_notices":[],"_links":{"self":[{"href":"https:\/\/elconspirador.com.mx\/index.php?rest_route=\/wp\/v2\/posts\/28664"}],"collection":[{"href":"https:\/\/elconspirador.com.mx\/index.php?rest_route=\/wp\/v2\/posts"}],"about":[{"href":"https:\/\/elconspirador.com.mx\/index.php?rest_route=\/wp\/v2\/types\/post"}],"author":[{"embeddable":true,"href":"https:\/\/elconspirador.com.mx\/index.php?rest_route=\/wp\/v2\/users\/1"}],"replies":[{"embeddable":true,"href":"https:\/\/elconspirador.com.mx\/index.php?rest_route=%2Fwp%2Fv2%2Fcomments&post=28664"}],"version-history":[{"count":1,"href":"https:\/\/elconspirador.com.mx\/index.php?rest_route=\/wp\/v2\/posts\/28664\/revisions"}],"predecessor-version":[{"id":28666,"href":"https:\/\/elconspirador.com.mx\/index.php?rest_route=\/wp\/v2\/posts\/28664\/revisions\/28666"}],"wp:featuredmedia":[{"embeddable":true,"href":"https:\/\/elconspirador.com.mx\/index.php?rest_route=\/wp\/v2\/media\/28665"}],"wp:attachment":[{"href":"https:\/\/elconspirador.com.mx\/index.php?rest_route=%2Fwp%2Fv2%2Fmedia&parent=28664"}],"wp:term":[{"taxonomy":"category","embeddable":true,"href":"https:\/\/elconspirador.com.mx\/index.php?rest_route=%2Fwp%2Fv2%2Fcategories&post=28664"},{"taxonomy":"post_tag","embeddable":true,"href":"https:\/\/elconspirador.com.mx\/index.php?rest_route=%2Fwp%2Fv2%2Ftags&post=28664"}],"curies":[{"name":"wp","href":"https:\/\/api.w.org\/{rel}","templated":true}]}}