{"id":28667,"date":"2023-06-15T18:04:38","date_gmt":"2023-06-16T00:04:38","guid":{"rendered":"https:\/\/elconspirador.com.mx\/?p=28667"},"modified":"2023-06-15T18:04:38","modified_gmt":"2023-06-16T00:04:38","slug":"hay-10-carpetas-de-investigacion-por-maltrato-infantil","status":"publish","type":"post","link":"https:\/\/elconspirador.com.mx\/?p=28667","title":{"rendered":"HAY 10 CARPETAS DE INVESTIGACI\u00d3N POR MALTRATO INFANTIL"},"content":{"rendered":"<p>De enero a mayo de este a\u00f1o se han iniciado 10 carpetas de investigaci\u00f3n por el delito de maltrato infantil en el municipio de Quer\u00e9taro, dio a conocer Francisco Javier de \u00c1vila Espinosa, procurador de protecci\u00f3n de ni\u00f1as, ni\u00f1os y adolescentes de la capital.<\/p>\n<p>Indic\u00f3 que lo anterior se deriva de 105 reportes de maltrato infantil; mencion\u00f3 que de las 10 carpetas, se pusieron a disposici\u00f3n de la procuradur\u00eda nueve menores, siete ni\u00f1os y dos ni\u00f1as.<\/p>\n<p>Refiri\u00f3 que en el 60 por ciento de los casos se trata de omisi\u00f3n de cuidados, el 10 por ciento por maltrato f\u00edsico y 20 por ciento por exposici\u00f3n a factores de riesgo.<\/p>\n<p>\u201cToda persona que tenga conocimiento de alg\u00fan hecho que vulnere alg\u00fan derecho de una ni\u00f1a, ni\u00f1o o adolescente tiene la obligaci\u00f3n de hacerlo de conocimiento de la autoridad competente&#8221;, dijo.<\/p>\n<p>Apunt\u00f3 que de enero a mayo de 2022 han incrementado 10 casos de maltrato, por lo que pasaron de 95 a 105, y refiri\u00f3 que principalmente se reciben reportes de parte de familia y docentes.<\/p>\n<p>Adem\u00e1s, aclar\u00f3 que en todo momento, antes de poner a los menores a disposici\u00f3n de la procuradur\u00eda, se realiza la b\u00fasqueda de redes de apoyo para que se hagan cargo de los menores.<\/p>\n","protected":false},"excerpt":{"rendered":"<p>De enero a mayo de este a\u00f1o se han iniciado 10 carpetas de investigaci\u00f3n por el delito de maltrato infantil en el municipio de Quer\u00e9taro, dio a conocer Francisco Javier de \u00c1vila Espinosa, procurador de protecci\u00f3n de ni\u00f1as, ni\u00f1os y adolescentes de la capital. Indic\u00f3 que lo anterior se deriva de 105 reportes de maltrato infantil; mencion\u00f3 que de las<\/p>\n<div class=\"h10\"><\/div>\n<p><a class=\"more-link2 flat\" href=\"https:\/\/elconspirador.com.mx\/?p=28667\">Leer m\u00e1s<\/a><\/p>\n","protected":false},"author":1,"featured_media":28668,"comment_status":"open","ping_status":"open","sticky":false,"template":"","format":"standard","meta":{"om_disable_all_campaigns":false,"_uf_show_specific_survey":0,"_uf_disable_surveys":false},"categories":[1],"tags":[],"aioseo_notices":[],"_links":{"self":[{"href":"https:\/\/elconspirador.com.mx\/index.php?rest_route=\/wp\/v2\/posts\/28667"}],"collection":[{"href":"https:\/\/elconspirador.com.mx\/index.php?rest_route=\/wp\/v2\/posts"}],"about":[{"href":"https:\/\/elconspirador.com.mx\/index.php?rest_route=\/wp\/v2\/types\/post"}],"author":[{"embeddable":true,"href":"https:\/\/elconspirador.com.mx\/index.php?rest_route=\/wp\/v2\/users\/1"}],"replies":[{"embeddable":true,"href":"https:\/\/elconspirador.com.mx\/index.php?rest_route=%2Fwp%2Fv2%2Fcomments&post=28667"}],"version-history":[{"count":1,"href":"https:\/\/elconspirador.com.mx\/index.php?rest_route=\/wp\/v2\/posts\/28667\/revisions"}],"predecessor-version":[{"id":28669,"href":"https:\/\/elconspirador.com.mx\/index.php?rest_route=\/wp\/v2\/posts\/28667\/revisions\/28669"}],"wp:featuredmedia":[{"embeddable":true,"href":"https:\/\/elconspirador.com.mx\/index.php?rest_route=\/wp\/v2\/media\/28668"}],"wp:attachment":[{"href":"https:\/\/elconspirador.com.mx\/index.php?rest_route=%2Fwp%2Fv2%2Fmedia&parent=28667"}],"wp:term":[{"taxonomy":"category","embeddable":true,"href":"https:\/\/elconspirador.com.mx\/index.php?rest_route=%2Fwp%2Fv2%2Fcategories&post=28667"},{"taxonomy":"post_tag","embeddable":true,"href":"https:\/\/elconspirador.com.mx\/index.php?rest_route=%2Fwp%2Fv2%2Ftags&post=28667"}],"curies":[{"name":"wp","href":"https:\/\/api.w.org\/{rel}","templated":true}]}}