{"id":28673,"date":"2023-06-15T17:19:33","date_gmt":"2023-06-15T23:19:33","guid":{"rendered":"https:\/\/elconspirador.com.mx\/?p=28673"},"modified":"2023-06-15T17:19:33","modified_gmt":"2023-06-15T23:19:33","slug":"sosa-se-reune-con-sindicalizados","status":"publish","type":"post","link":"https:\/\/elconspirador.com.mx\/?p=28673","title":{"rendered":"SOSA SE RE\u00daNE CON SINDICALIZADOS"},"content":{"rendered":"<p style=\"font-weight: 400;\">Roberto Sosa Pichardo, presidente municipal de Corregidora sostuvo una reuni\u00f3n con L\u00edderes Sindicales de los Trabajadores al Servicio del Estado, a quienes destac\u00f3 que para su gobierno es importante trabajar conjuntamente con el sector sindical, adem\u00e1s de que les expuso los proyectos que desarrolla la gesti\u00f3n municipal y los retos en los que se enfoca.<\/p>\n<p style=\"font-weight: 400;\">\u201cYo no entiendo y no puedo identificar que un gobierno pueda avanzar sin el lado del sindicato\u201d, expres\u00f3 el edil a l\u00edderes y miembros sindicales de municipios del estado, a quienes les dio la bienvenida a Corregidora.<\/p>\n<p style=\"font-weight: 400;\">\u201cAqu\u00ed el sindicato en el municipio de Corregidora son grandes aliados, viendo hacia lo mismo, trabajando para lo mismo, entendiendo que el recurso m\u00e1s importante es la gente. Sin la gente, \u00bfc\u00f3mo avanzamos? Y para nosotros todo el tema sindical es sumamente importante. Ah\u00ed estamos de la mano, siempre cada quien con sus visiones, siempre cada quien respetando las diferentes ideas, pero poniendo en el centro de la decisi\u00f3n a los trabajadores, y as\u00ed es como avanzamos\u201d, subray\u00f3.<\/p>\n<p style=\"font-weight: 400;\">Agreg\u00f3 que para tanto para \u00e9l como para su equipo es valioso que los trabajadores sindicales sepan que en Corregidora se trabaja de la mano con la ciudadan\u00eda, que hay proyectos y programas que den respuesta, atenci\u00f3n y beneficios a la ciudadan\u00eda, uno de los cuales es Distrito Corregidora, con el cual se posicionar\u00e1 a la demarcaci\u00f3n como un atractivo tur\u00edstico, dado que cuenta con una riqueza hist\u00f3rica, cultural y humana.<\/p>\n<p style=\"font-weight: 400;\">Ver\u00f3nica Elizondo Gonz\u00e1lez, secretaria general de la Federaci\u00f3n Estatal de Organizaciones Sindicales del Estado y Municipios, reconoci\u00f3 y agradeci\u00f3 la apertura del alcalde y de su gobierno para mantener el acercamiento con el sector sindical.<\/p>\n<p style=\"font-weight: 400;\">\u201cPara el maestro (Roberto Sosa Pichardo) creo que somos compa\u00f1eros y amigos. Eso se agradece. Agradecemos ese acercamiento, el di\u00e1logo que tiene con una parte fundamental de nuestra federaci\u00f3n. Y no me queda m\u00e1s que seguir solicitando, maestro Pichardo, seguir y continuar con este buen di\u00e1logo, con este buen entendimiento que tiene hasta hoy, y as\u00ed mismo de sus directivos y funcionarios\u201d, resalt\u00f3.<\/p>\n<p style=\"font-weight: 400;\">Adri\u00e1n Gonz\u00e1lez Chaparro, secretario de Administraci\u00f3n, indic\u00f3 que esta reuni\u00f3n tiene como finalidad el darles a conocer lo que se est\u00e1 haciendo en la demarcaci\u00f3n, desde el punto de vista de las pol\u00edticas p\u00fablicas. Abund\u00f3 que uno de los ejes de esta administraci\u00f3n es el manejo de las condiciones laborales de los trabajadores del municipio.<\/p>\n<p style=\"font-weight: 400;\">\u201cTambi\u00e9n compartirles que este gobierno municipal encabezado por Roberto Sosa, ha sido una administraci\u00f3n responsable en el cuidado de los recursos humanos. Somos disciplinados en lo que nos permite la ley. As\u00ed tambi\u00e9n nos lo vigilan y nos lo reconocen las auditor\u00edas que cada a\u00f1o le hacen al municipio\u201d, apunt\u00f3.<\/p>\n","protected":false},"excerpt":{"rendered":"<p>Roberto Sosa Pichardo, presidente municipal de Corregidora sostuvo una reuni\u00f3n con L\u00edderes Sindicales de los Trabajadores al Servicio del Estado, a quienes destac\u00f3 que para su gobierno es importante trabajar conjuntamente con el sector sindical, adem\u00e1s de que les expuso los proyectos que desarrolla la gesti\u00f3n municipal y los retos en los que se enfoca. \u201cYo no entiendo y no<\/p>\n<div class=\"h10\"><\/div>\n<p><a class=\"more-link2 flat\" href=\"https:\/\/elconspirador.com.mx\/?p=28673\">Leer m\u00e1s<\/a><\/p>\n","protected":false},"author":1,"featured_media":28674,"comment_status":"open","ping_status":"open","sticky":false,"template":"","format":"standard","meta":{"om_disable_all_campaigns":false,"_uf_show_specific_survey":0,"_uf_disable_surveys":false},"categories":[1],"tags":[],"aioseo_notices":[],"_links":{"self":[{"href":"https:\/\/elconspirador.com.mx\/index.php?rest_route=\/wp\/v2\/posts\/28673"}],"collection":[{"href":"https:\/\/elconspirador.com.mx\/index.php?rest_route=\/wp\/v2\/posts"}],"about":[{"href":"https:\/\/elconspirador.com.mx\/index.php?rest_route=\/wp\/v2\/types\/post"}],"author":[{"embeddable":true,"href":"https:\/\/elconspirador.com.mx\/index.php?rest_route=\/wp\/v2\/users\/1"}],"replies":[{"embeddable":true,"href":"https:\/\/elconspirador.com.mx\/index.php?rest_route=%2Fwp%2Fv2%2Fcomments&post=28673"}],"version-history":[{"count":2,"href":"https:\/\/elconspirador.com.mx\/index.php?rest_route=\/wp\/v2\/posts\/28673\/revisions"}],"predecessor-version":[{"id":28676,"href":"https:\/\/elconspirador.com.mx\/index.php?rest_route=\/wp\/v2\/posts\/28673\/revisions\/28676"}],"wp:featuredmedia":[{"embeddable":true,"href":"https:\/\/elconspirador.com.mx\/index.php?rest_route=\/wp\/v2\/media\/28674"}],"wp:attachment":[{"href":"https:\/\/elconspirador.com.mx\/index.php?rest_route=%2Fwp%2Fv2%2Fmedia&parent=28673"}],"wp:term":[{"taxonomy":"category","embeddable":true,"href":"https:\/\/elconspirador.com.mx\/index.php?rest_route=%2Fwp%2Fv2%2Fcategories&post=28673"},{"taxonomy":"post_tag","embeddable":true,"href":"https:\/\/elconspirador.com.mx\/index.php?rest_route=%2Fwp%2Fv2%2Ftags&post=28673"}],"curies":[{"name":"wp","href":"https:\/\/api.w.org\/{rel}","templated":true}]}}