{"id":28689,"date":"2023-06-16T15:44:33","date_gmt":"2023-06-16T21:44:33","guid":{"rendered":"https:\/\/elconspirador.com.mx\/?p=28689"},"modified":"2023-06-16T15:44:33","modified_gmt":"2023-06-16T21:44:33","slug":"ddh-inicia-investigacion-por-caso-escolasticas","status":"publish","type":"post","link":"https:\/\/elconspirador.com.mx\/?p=28689","title":{"rendered":"DDH INICIA INVESTIGACI\u00d3N POR CASO ESCOL\u00c1STICAS"},"content":{"rendered":"<p>Javier Rascado P\u00e9rez, presidente de la Defensor\u00eda de Derechos Humanos de Quer\u00e9taro (DDHQ), confirm\u00f3 que se inici\u00f3 una queja por la presunta violaci\u00f3n de derechos humanos el pasado 13 de junio en la comunidad de Escol\u00e1sticas, Pedro Escobedo.<\/p>\n<p>Refiri\u00f3 que la tarde de este jueves recibieron la queja de parte de habitantes de la comunidad en contra de polic\u00edas municipales y estatales de Quer\u00e9taro.<\/p>\n<p>\u201cCon la presentaci\u00f3n de esta queja estaremos presentando a todas las autoridades los informes correspondientes sobre los hechos del martes, as\u00ed como con las documentales presentadas por las personas quejosas y los datos y evidencias que nosotros recabamos cuando estuvimos presentes\u201d, apunt\u00f3.<\/p>\n<p>Mencion\u00f3 que, durante los hechos, la Defensor\u00eda realiz\u00f3 el acompa\u00f1amiento correspondiente para vigilar que no se violentaran derechos humanos y enfatiz\u00f3 que no tienen facultades para impedir el actuar de autoridades.<\/p>\n<p>\u201cNo tenemos facultades para actuar de manera administrativa o impedir el actuar de las autoridades. Solo vigilamos si se violentan los derechos humanos de las personas\u201d, dijo.<\/p>\n<p>Detall\u00f3 que, como parte de la investigaci\u00f3n, se indagar\u00e1 si los polic\u00edas hicieron uso de la fuerza conforme a los principios de necesidad, legalidad, proporcionalidad e idoneidad.<\/p>\n","protected":false},"excerpt":{"rendered":"<p>Javier Rascado P\u00e9rez, presidente de la Defensor\u00eda de Derechos Humanos de Quer\u00e9taro (DDHQ), confirm\u00f3 que se inici\u00f3 una queja por la presunta violaci\u00f3n de derechos humanos el pasado 13 de junio en la comunidad de Escol\u00e1sticas, Pedro Escobedo. Refiri\u00f3 que la tarde de este jueves recibieron la queja de parte de habitantes de la comunidad en contra de polic\u00edas municipales<\/p>\n<div class=\"h10\"><\/div>\n<p><a class=\"more-link2 flat\" href=\"https:\/\/elconspirador.com.mx\/?p=28689\">Leer m\u00e1s<\/a><\/p>\n","protected":false},"author":1,"featured_media":28690,"comment_status":"open","ping_status":"open","sticky":false,"template":"","format":"standard","meta":{"om_disable_all_campaigns":false,"_uf_show_specific_survey":0,"_uf_disable_surveys":false},"categories":[1],"tags":[],"aioseo_notices":[],"_links":{"self":[{"href":"https:\/\/elconspirador.com.mx\/index.php?rest_route=\/wp\/v2\/posts\/28689"}],"collection":[{"href":"https:\/\/elconspirador.com.mx\/index.php?rest_route=\/wp\/v2\/posts"}],"about":[{"href":"https:\/\/elconspirador.com.mx\/index.php?rest_route=\/wp\/v2\/types\/post"}],"author":[{"embeddable":true,"href":"https:\/\/elconspirador.com.mx\/index.php?rest_route=\/wp\/v2\/users\/1"}],"replies":[{"embeddable":true,"href":"https:\/\/elconspirador.com.mx\/index.php?rest_route=%2Fwp%2Fv2%2Fcomments&post=28689"}],"version-history":[{"count":1,"href":"https:\/\/elconspirador.com.mx\/index.php?rest_route=\/wp\/v2\/posts\/28689\/revisions"}],"predecessor-version":[{"id":28691,"href":"https:\/\/elconspirador.com.mx\/index.php?rest_route=\/wp\/v2\/posts\/28689\/revisions\/28691"}],"wp:featuredmedia":[{"embeddable":true,"href":"https:\/\/elconspirador.com.mx\/index.php?rest_route=\/wp\/v2\/media\/28690"}],"wp:attachment":[{"href":"https:\/\/elconspirador.com.mx\/index.php?rest_route=%2Fwp%2Fv2%2Fmedia&parent=28689"}],"wp:term":[{"taxonomy":"category","embeddable":true,"href":"https:\/\/elconspirador.com.mx\/index.php?rest_route=%2Fwp%2Fv2%2Fcategories&post=28689"},{"taxonomy":"post_tag","embeddable":true,"href":"https:\/\/elconspirador.com.mx\/index.php?rest_route=%2Fwp%2Fv2%2Ftags&post=28689"}],"curies":[{"name":"wp","href":"https:\/\/api.w.org\/{rel}","templated":true}]}}