{"id":28697,"date":"2023-06-17T09:16:30","date_gmt":"2023-06-17T15:16:30","guid":{"rendered":"https:\/\/elconspirador.com.mx\/?p=28697"},"modified":"2023-06-17T09:16:30","modified_gmt":"2023-06-17T15:16:30","slug":"ola-de-calor-no-ha-matado-ganado","status":"publish","type":"post","link":"https:\/\/elconspirador.com.mx\/?p=28697","title":{"rendered":"OLA DE CALOR NO HA  MATADO GANADO"},"content":{"rendered":"<p>Ni muerte de ganado ni disminuci\u00f3n del hato se ha reportado en Quer\u00e9taro a pesar de las olas de calor y la sequ\u00eda; as\u00ed lo asegur\u00f3 el Secretario de Desarrollo Agropecuario, Rosendo Anaya Aguilar.<\/p>\n<p>Indic\u00f3 que en d\u00edas pasados acudi\u00f3 a la sierra, la zona de mayores afectaciones para los peque\u00f1os productores, pero ninguno report\u00f3 muerte de ganado o verse en la necesidad de vender sus animales.<\/p>\n<p>&#8220;Tuve la oportunidad de saludarlos, pr\u00e1cticamente a todos, y platicando con los presidentes de las asociaciones ganaderas, con el presidente de la Uni\u00f3n Ganadera, con los directores de desarrollo agropecuario de los municipios y con los ganaderos y no me han referido que se les haya muerto ganado por falta de agua o por falta de forraje&#8221;.<\/p>\n<p>Incluso acept\u00f3 que la dependencia, cuando la situaci\u00f3n es extrema, recomienda a los productores disminuir el hato ganadero para mitigar las p\u00e9rdidas; sin embargo, dijo que por el momento no ha sido necesario implementar esta estrategia.<\/p>\n<p>&#8220;C\u00f3mo estrategia se les recomienda que hagan una disminuci\u00f3n de su hato ganadero, cuando la situaci\u00f3n est\u00e9 muy complicada (&#8230;) No tenemos identificado que algunos hayan ya disminuido su hato ganadero, que hayan vendido su ganado&#8221;.<\/p>\n<p>Esto se debe, dijo el funcionario, a la estrategia emergente del gobierno estatal, de apoyar a los peque\u00f1os productores con forraje, entrega de ma\u00edz para consumo humano y dotaci\u00f3n de agua.<\/p>\n<p>&#8220;El objetivo es ayudarles a los peque\u00f1os productores, con forraje, de un programa de manera emergente, que se dise\u00f1\u00f3 desde la Sedea, con recursos del gobierno del estado&#8221;.<\/p>\n","protected":false},"excerpt":{"rendered":"<p>Ni muerte de ganado ni disminuci\u00f3n del hato se ha reportado en Quer\u00e9taro a pesar de las olas de calor y la sequ\u00eda; as\u00ed lo asegur\u00f3 el Secretario de Desarrollo Agropecuario, Rosendo Anaya Aguilar. Indic\u00f3 que en d\u00edas pasados acudi\u00f3 a la sierra, la zona de mayores afectaciones para los peque\u00f1os productores, pero ninguno report\u00f3 muerte de ganado o verse<\/p>\n<div class=\"h10\"><\/div>\n<p><a class=\"more-link2 flat\" href=\"https:\/\/elconspirador.com.mx\/?p=28697\">Leer m\u00e1s<\/a><\/p>\n","protected":false},"author":1,"featured_media":28698,"comment_status":"open","ping_status":"open","sticky":false,"template":"","format":"standard","meta":{"om_disable_all_campaigns":false,"_uf_show_specific_survey":0,"_uf_disable_surveys":false},"categories":[1],"tags":[],"aioseo_notices":[],"_links":{"self":[{"href":"https:\/\/elconspirador.com.mx\/index.php?rest_route=\/wp\/v2\/posts\/28697"}],"collection":[{"href":"https:\/\/elconspirador.com.mx\/index.php?rest_route=\/wp\/v2\/posts"}],"about":[{"href":"https:\/\/elconspirador.com.mx\/index.php?rest_route=\/wp\/v2\/types\/post"}],"author":[{"embeddable":true,"href":"https:\/\/elconspirador.com.mx\/index.php?rest_route=\/wp\/v2\/users\/1"}],"replies":[{"embeddable":true,"href":"https:\/\/elconspirador.com.mx\/index.php?rest_route=%2Fwp%2Fv2%2Fcomments&post=28697"}],"version-history":[{"count":2,"href":"https:\/\/elconspirador.com.mx\/index.php?rest_route=\/wp\/v2\/posts\/28697\/revisions"}],"predecessor-version":[{"id":28716,"href":"https:\/\/elconspirador.com.mx\/index.php?rest_route=\/wp\/v2\/posts\/28697\/revisions\/28716"}],"wp:featuredmedia":[{"embeddable":true,"href":"https:\/\/elconspirador.com.mx\/index.php?rest_route=\/wp\/v2\/media\/28698"}],"wp:attachment":[{"href":"https:\/\/elconspirador.com.mx\/index.php?rest_route=%2Fwp%2Fv2%2Fmedia&parent=28697"}],"wp:term":[{"taxonomy":"category","embeddable":true,"href":"https:\/\/elconspirador.com.mx\/index.php?rest_route=%2Fwp%2Fv2%2Fcategories&post=28697"},{"taxonomy":"post_tag","embeddable":true,"href":"https:\/\/elconspirador.com.mx\/index.php?rest_route=%2Fwp%2Fv2%2Ftags&post=28697"}],"curies":[{"name":"wp","href":"https:\/\/api.w.org\/{rel}","templated":true}]}}