{"id":28700,"date":"2023-06-17T13:46:02","date_gmt":"2023-06-17T19:46:02","guid":{"rendered":"https:\/\/elconspirador.com.mx\/?p=28700"},"modified":"2023-06-17T13:46:02","modified_gmt":"2023-06-17T19:46:02","slug":"van-dos-detenidos-por-homicidio-en-san-joaquin","status":"publish","type":"post","link":"https:\/\/elconspirador.com.mx\/?p=28700","title":{"rendered":"VAN DOS DETENIDOS POR HOMICIDIO EN SAN JOAQU\u00cdN"},"content":{"rendered":"<p>En colaboraci\u00f3n de la Fiscal\u00eda General de la Rep\u00fablica y la Fiscal\u00eda General del Estado de Coahuila, elementos de la Polic\u00eda de Investigaci\u00f3n del Delito de Quer\u00e9taro, se trasladaron a aquella entidad para el cumplimiento a una orden de aprehensi\u00f3n, por el delito de homicidio. Esta es la segunda persona detenida, por los hechos ocurridos el 26 de septiembre de 2021, en el municipio de San Joaqu\u00edn.<\/p>\n<p>Esta Fiscal\u00eda General, a trav\u00e9s de la Polic\u00eda de Investigaci\u00f3n del Delito, mantuvo una constante comunicaci\u00f3n con la oficina de United States Marshals Service, para la b\u00fasqueda y localizaci\u00f3n de los imputados. Una vez que se logr\u00f3 la detenci\u00f3n, personal de esta corporaci\u00f3n, se traslad\u00f3 a la ciudad de Piedras Negras, Coahuila, donde les fue entregado el agresor para trasladarlo y presentarlo ante un Juez de Control en Quer\u00e9taro; en las pr\u00f3ximas horas se definir\u00e1 su situaci\u00f3n legal.<\/p>\n<p>De los actos de investigaci\u00f3n, se obtuvieron indicios sobre la posible participaci\u00f3n de ambos imputados. Al detener a esta segunda persona, se han asegurado a todos los intervinientes, garantizando con ello, el acceso a la justicia a las v\u00edctimas.<\/p>\n","protected":false},"excerpt":{"rendered":"<p>En colaboraci\u00f3n de la Fiscal\u00eda General de la Rep\u00fablica y la Fiscal\u00eda General del Estado de Coahuila, elementos de la Polic\u00eda de Investigaci\u00f3n del Delito de Quer\u00e9taro, se trasladaron a aquella entidad para el cumplimiento a una orden de aprehensi\u00f3n, por el delito de homicidio. Esta es la segunda persona detenida, por los hechos ocurridos el 26 de septiembre de<\/p>\n<div class=\"h10\"><\/div>\n<p><a class=\"more-link2 flat\" href=\"https:\/\/elconspirador.com.mx\/?p=28700\">Leer m\u00e1s<\/a><\/p>\n","protected":false},"author":1,"featured_media":28701,"comment_status":"open","ping_status":"open","sticky":false,"template":"","format":"standard","meta":{"om_disable_all_campaigns":false,"_uf_show_specific_survey":0,"_uf_disable_surveys":false},"categories":[1],"tags":[],"aioseo_notices":[],"_links":{"self":[{"href":"https:\/\/elconspirador.com.mx\/index.php?rest_route=\/wp\/v2\/posts\/28700"}],"collection":[{"href":"https:\/\/elconspirador.com.mx\/index.php?rest_route=\/wp\/v2\/posts"}],"about":[{"href":"https:\/\/elconspirador.com.mx\/index.php?rest_route=\/wp\/v2\/types\/post"}],"author":[{"embeddable":true,"href":"https:\/\/elconspirador.com.mx\/index.php?rest_route=\/wp\/v2\/users\/1"}],"replies":[{"embeddable":true,"href":"https:\/\/elconspirador.com.mx\/index.php?rest_route=%2Fwp%2Fv2%2Fcomments&post=28700"}],"version-history":[{"count":1,"href":"https:\/\/elconspirador.com.mx\/index.php?rest_route=\/wp\/v2\/posts\/28700\/revisions"}],"predecessor-version":[{"id":28702,"href":"https:\/\/elconspirador.com.mx\/index.php?rest_route=\/wp\/v2\/posts\/28700\/revisions\/28702"}],"wp:featuredmedia":[{"embeddable":true,"href":"https:\/\/elconspirador.com.mx\/index.php?rest_route=\/wp\/v2\/media\/28701"}],"wp:attachment":[{"href":"https:\/\/elconspirador.com.mx\/index.php?rest_route=%2Fwp%2Fv2%2Fmedia&parent=28700"}],"wp:term":[{"taxonomy":"category","embeddable":true,"href":"https:\/\/elconspirador.com.mx\/index.php?rest_route=%2Fwp%2Fv2%2Fcategories&post=28700"},{"taxonomy":"post_tag","embeddable":true,"href":"https:\/\/elconspirador.com.mx\/index.php?rest_route=%2Fwp%2Fv2%2Ftags&post=28700"}],"curies":[{"name":"wp","href":"https:\/\/api.w.org\/{rel}","templated":true}]}}