{"id":28703,"date":"2023-06-16T22:27:24","date_gmt":"2023-06-17T04:27:24","guid":{"rendered":"https:\/\/elconspirador.com.mx\/?p=28703"},"modified":"2023-06-16T22:27:24","modified_gmt":"2023-06-17T04:27:24","slug":"ameq-moderniza-dos-paradas-tipo-dubai","status":"publish","type":"post","link":"https:\/\/elconspirador.com.mx\/?p=28703","title":{"rendered":"AMEQ MODERNIZA DOS PARADAS TIPO DUBAI"},"content":{"rendered":"<p>De las ocho paradas tipo Dub\u00e1i, la Agencia de Movilidad ya intervino dos y otras dos se encuentran en proceso de conclusi\u00f3n, as\u00ed lo dijo el titular de esta dependencia, Gerardo Cuanalo Santos.<\/p>\n<p>Luego de que el municipio de Quer\u00e9taro cediera estas paradas a la Agencia, se decidi\u00f3 eliminar los muros y colocar m\u00e1s bancas para los usuarios, lo cual ha costado 2 millones de pesos.<\/p>\n<p>&#8220;Nosotros hicimos una consulta con los usuarios, lo que queremos es ser muy pr\u00e1cticos y que est\u00e1 infraestructura que tenemos en la ciudad, que se adapte a las necesidades. Una cosa que nos comentaron los usuarios es: no utilizamos las paradas porque no vemos cu\u00e1ndo viene el autob\u00fas&#8221;.<\/p>\n<p>Adem\u00e1s de la inversi\u00f3n en la infraestructura, la dependencia tiene el objetivo de dotarlas con internet gratuito para los usuarios, as\u00ed como una inversi\u00f3n constante para su mantenimiento.<\/p>\n<p>Por ello, de las ocho paradas, ya se encuentran listas las de El Cerrito, Avenida del Parque y dos m\u00e1s en proceso de conclusi\u00f3n.<\/p>\n<p>&#8220;Estamos hablando de menos de los 2 millones de pesos, lo que se ha invertido. Sin duda es una estrategia que la propia agencia debe tener para tener mantenimiento en estas estaciones, que tengan realmente luz, que tengan limpieza, que tengan internet. Estamos generando un proyecto para poder generar estas condiciones de mantenimiento en las paradas&#8221;.<\/p>\n","protected":false},"excerpt":{"rendered":"<p>De las ocho paradas tipo Dub\u00e1i, la Agencia de Movilidad ya intervino dos y otras dos se encuentran en proceso de conclusi\u00f3n, as\u00ed lo dijo el titular de esta dependencia, Gerardo Cuanalo Santos. Luego de que el municipio de Quer\u00e9taro cediera estas paradas a la Agencia, se decidi\u00f3 eliminar los muros y colocar m\u00e1s bancas para los usuarios, lo cual<\/p>\n<div class=\"h10\"><\/div>\n<p><a class=\"more-link2 flat\" href=\"https:\/\/elconspirador.com.mx\/?p=28703\">Leer m\u00e1s<\/a><\/p>\n","protected":false},"author":1,"featured_media":28704,"comment_status":"open","ping_status":"open","sticky":false,"template":"","format":"standard","meta":{"om_disable_all_campaigns":false,"_uf_show_specific_survey":0,"_uf_disable_surveys":false},"categories":[1],"tags":[],"aioseo_notices":[],"_links":{"self":[{"href":"https:\/\/elconspirador.com.mx\/index.php?rest_route=\/wp\/v2\/posts\/28703"}],"collection":[{"href":"https:\/\/elconspirador.com.mx\/index.php?rest_route=\/wp\/v2\/posts"}],"about":[{"href":"https:\/\/elconspirador.com.mx\/index.php?rest_route=\/wp\/v2\/types\/post"}],"author":[{"embeddable":true,"href":"https:\/\/elconspirador.com.mx\/index.php?rest_route=\/wp\/v2\/users\/1"}],"replies":[{"embeddable":true,"href":"https:\/\/elconspirador.com.mx\/index.php?rest_route=%2Fwp%2Fv2%2Fcomments&post=28703"}],"version-history":[{"count":2,"href":"https:\/\/elconspirador.com.mx\/index.php?rest_route=\/wp\/v2\/posts\/28703\/revisions"}],"predecessor-version":[{"id":28715,"href":"https:\/\/elconspirador.com.mx\/index.php?rest_route=\/wp\/v2\/posts\/28703\/revisions\/28715"}],"wp:featuredmedia":[{"embeddable":true,"href":"https:\/\/elconspirador.com.mx\/index.php?rest_route=\/wp\/v2\/media\/28704"}],"wp:attachment":[{"href":"https:\/\/elconspirador.com.mx\/index.php?rest_route=%2Fwp%2Fv2%2Fmedia&parent=28703"}],"wp:term":[{"taxonomy":"category","embeddable":true,"href":"https:\/\/elconspirador.com.mx\/index.php?rest_route=%2Fwp%2Fv2%2Fcategories&post=28703"},{"taxonomy":"post_tag","embeddable":true,"href":"https:\/\/elconspirador.com.mx\/index.php?rest_route=%2Fwp%2Fv2%2Ftags&post=28703"}],"curies":[{"name":"wp","href":"https:\/\/api.w.org\/{rel}","templated":true}]}}