{"id":28706,"date":"2023-06-16T17:44:06","date_gmt":"2023-06-16T23:44:06","guid":{"rendered":"https:\/\/elconspirador.com.mx\/?p=28706"},"modified":"2023-06-16T17:44:06","modified_gmt":"2023-06-16T23:44:06","slug":"calor-tambien-aumenta-contaminacion-en-queretaro","status":"publish","type":"post","link":"https:\/\/elconspirador.com.mx\/?p=28706","title":{"rendered":"CALOR TAMBI\u00c9N AUMENTA CONTAMINACI\u00d3N EN QUER\u00c9TARO"},"content":{"rendered":"<p>Las olas de calor en la Rep\u00fablica Mexicana han generado tambi\u00e9n un incremento en los niveles de contaminaci\u00f3n en Quer\u00e9taro, as\u00ed lo afirm\u00f3 el Secretario de Desarrollo Sustentable, Marco del Prete Tercero.<\/p>\n<p>Sin embargo aclar\u00f3 que este incremento, aunque bajo, se debe a la combusti\u00f3n de los veh\u00edculos, los cuales se ven favorecidos por el calor.<\/p>\n<p>&#8220;El tr\u00e1fico vehicular emite \u00f3xido de nitr\u00f3geno, estos \u00f3xidos de nitr\u00f3geno con altas temperaturas se transforman o se convierten en ozono. Entonces el ozono es un gas que se produce por altas temperaturas&#8221;.<\/p>\n<p>Incluso se\u00f1al\u00f3 que este incremento es el esperado durante los meses de calor, la cual va de marzo hasta el mes de agosto, a esto se le conoce como temporada de ozono.<\/p>\n<p>Por ello indic\u00f3 que las horas m\u00e1s cr\u00edticas van de las 12 del d\u00eda a las 4 de la tarde, lapso en el cual las autoridades piden no realizar actividades al aire libre.<\/p>\n<p>&#8220;Est\u00e1 en condiciones entre aceptables y regulares. Si ven la gr\u00e1fica est\u00e1 entre amarillo o naranja, que es algo, no digamos que normal, pero es algo esperado&#8221;.<\/p>\n","protected":false},"excerpt":{"rendered":"<p>Las olas de calor en la Rep\u00fablica Mexicana han generado tambi\u00e9n un incremento en los niveles de contaminaci\u00f3n en Quer\u00e9taro, as\u00ed lo afirm\u00f3 el Secretario de Desarrollo Sustentable, Marco del Prete Tercero. Sin embargo aclar\u00f3 que este incremento, aunque bajo, se debe a la combusti\u00f3n de los veh\u00edculos, los cuales se ven favorecidos por el calor. &#8220;El tr\u00e1fico vehicular emite<\/p>\n<div class=\"h10\"><\/div>\n<p><a class=\"more-link2 flat\" href=\"https:\/\/elconspirador.com.mx\/?p=28706\">Leer m\u00e1s<\/a><\/p>\n","protected":false},"author":1,"featured_media":28707,"comment_status":"open","ping_status":"open","sticky":false,"template":"","format":"standard","meta":{"om_disable_all_campaigns":false,"_uf_show_specific_survey":0,"_uf_disable_surveys":false},"categories":[1],"tags":[],"aioseo_notices":[],"_links":{"self":[{"href":"https:\/\/elconspirador.com.mx\/index.php?rest_route=\/wp\/v2\/posts\/28706"}],"collection":[{"href":"https:\/\/elconspirador.com.mx\/index.php?rest_route=\/wp\/v2\/posts"}],"about":[{"href":"https:\/\/elconspirador.com.mx\/index.php?rest_route=\/wp\/v2\/types\/post"}],"author":[{"embeddable":true,"href":"https:\/\/elconspirador.com.mx\/index.php?rest_route=\/wp\/v2\/users\/1"}],"replies":[{"embeddable":true,"href":"https:\/\/elconspirador.com.mx\/index.php?rest_route=%2Fwp%2Fv2%2Fcomments&post=28706"}],"version-history":[{"count":1,"href":"https:\/\/elconspirador.com.mx\/index.php?rest_route=\/wp\/v2\/posts\/28706\/revisions"}],"predecessor-version":[{"id":28708,"href":"https:\/\/elconspirador.com.mx\/index.php?rest_route=\/wp\/v2\/posts\/28706\/revisions\/28708"}],"wp:featuredmedia":[{"embeddable":true,"href":"https:\/\/elconspirador.com.mx\/index.php?rest_route=\/wp\/v2\/media\/28707"}],"wp:attachment":[{"href":"https:\/\/elconspirador.com.mx\/index.php?rest_route=%2Fwp%2Fv2%2Fmedia&parent=28706"}],"wp:term":[{"taxonomy":"category","embeddable":true,"href":"https:\/\/elconspirador.com.mx\/index.php?rest_route=%2Fwp%2Fv2%2Fcategories&post=28706"},{"taxonomy":"post_tag","embeddable":true,"href":"https:\/\/elconspirador.com.mx\/index.php?rest_route=%2Fwp%2Fv2%2Ftags&post=28706"}],"curies":[{"name":"wp","href":"https:\/\/api.w.org\/{rel}","templated":true}]}}