{"id":28735,"date":"2023-06-17T20:31:47","date_gmt":"2023-06-18T02:31:47","guid":{"rendered":"https:\/\/elconspirador.com.mx\/?p=28735"},"modified":"2023-06-17T20:31:47","modified_gmt":"2023-06-18T02:31:47","slug":"detienen-a-uno-por-homicidio-en-sjr","status":"publish","type":"post","link":"https:\/\/elconspirador.com.mx\/?p=28735","title":{"rendered":"DETIENEN A UNO POR HOMICIDIO EN SJR"},"content":{"rendered":"<p>En prisi\u00f3n, se encuentra una persona por su posible participaci\u00f3n en el homicidio de un hombre; en hechos ocurridos el 09 de junio, en la colonia Fatima en San Juan del R\u00edo.<\/p>\n<p>La carpeta de investigaci\u00f3n se inici\u00f3 luego del reporte realizado por un hospital particular, sobre una persona sin vida, por heridas provocadas por proyectil de arma de fuego. En relaci\u00f3n a estos hechos, la Polic\u00eda Municipal de San Juan del R\u00edo, ya reguardaba el establecido comercial donde ocurri\u00f3 la agresi\u00f3n, por lo que peritos criminalistas realizaron el procesamiento y aseguramiento de los indicios, entre ellos el arma posiblemente utilizada para cometer el hecho delictivo.<\/p>\n<p>Otro acto de investigaci\u00f3n realizado, fue un cateo en la colonia Ju\u00e1rez, del mismo municipio. All\u00ed, se localizaron indicios que permitieron la plena identificaci\u00f3n del ahora imputado y algunos otros relacionados con la investigaci\u00f3n iniciada.<\/p>\n<p>Una vez que se dio cumplimiento a la orden de aprehensi\u00f3n emitida por un Juez de Control, se present\u00f3 al detenido en una audiencia inicial. Derivado de ello, se le vincul\u00f3 a proceso por el delito de homicidio calificado, con medida cautelar de prisi\u00f3n y 2 meses de investigaci\u00f3n complementaria.<\/p>\n","protected":false},"excerpt":{"rendered":"<p>En prisi\u00f3n, se encuentra una persona por su posible participaci\u00f3n en el homicidio de un hombre; en hechos ocurridos el 09 de junio, en la colonia Fatima en San Juan del R\u00edo. La carpeta de investigaci\u00f3n se inici\u00f3 luego del reporte realizado por un hospital particular, sobre una persona sin vida, por heridas provocadas por proyectil de arma de fuego.<\/p>\n<div class=\"h10\"><\/div>\n<p><a class=\"more-link2 flat\" href=\"https:\/\/elconspirador.com.mx\/?p=28735\">Leer m\u00e1s<\/a><\/p>\n","protected":false},"author":1,"featured_media":28737,"comment_status":"open","ping_status":"open","sticky":false,"template":"","format":"standard","meta":{"om_disable_all_campaigns":false,"_uf_show_specific_survey":0,"_uf_disable_surveys":false},"categories":[1],"tags":[],"aioseo_notices":[],"_links":{"self":[{"href":"https:\/\/elconspirador.com.mx\/index.php?rest_route=\/wp\/v2\/posts\/28735"}],"collection":[{"href":"https:\/\/elconspirador.com.mx\/index.php?rest_route=\/wp\/v2\/posts"}],"about":[{"href":"https:\/\/elconspirador.com.mx\/index.php?rest_route=\/wp\/v2\/types\/post"}],"author":[{"embeddable":true,"href":"https:\/\/elconspirador.com.mx\/index.php?rest_route=\/wp\/v2\/users\/1"}],"replies":[{"embeddable":true,"href":"https:\/\/elconspirador.com.mx\/index.php?rest_route=%2Fwp%2Fv2%2Fcomments&post=28735"}],"version-history":[{"count":1,"href":"https:\/\/elconspirador.com.mx\/index.php?rest_route=\/wp\/v2\/posts\/28735\/revisions"}],"predecessor-version":[{"id":28736,"href":"https:\/\/elconspirador.com.mx\/index.php?rest_route=\/wp\/v2\/posts\/28735\/revisions\/28736"}],"wp:featuredmedia":[{"embeddable":true,"href":"https:\/\/elconspirador.com.mx\/index.php?rest_route=\/wp\/v2\/media\/28737"}],"wp:attachment":[{"href":"https:\/\/elconspirador.com.mx\/index.php?rest_route=%2Fwp%2Fv2%2Fmedia&parent=28735"}],"wp:term":[{"taxonomy":"category","embeddable":true,"href":"https:\/\/elconspirador.com.mx\/index.php?rest_route=%2Fwp%2Fv2%2Fcategories&post=28735"},{"taxonomy":"post_tag","embeddable":true,"href":"https:\/\/elconspirador.com.mx\/index.php?rest_route=%2Fwp%2Fv2%2Ftags&post=28735"}],"curies":[{"name":"wp","href":"https:\/\/api.w.org\/{rel}","templated":true}]}}