{"id":28738,"date":"2023-06-17T20:34:45","date_gmt":"2023-06-18T02:34:45","guid":{"rendered":"https:\/\/elconspirador.com.mx\/?p=28738"},"modified":"2023-06-17T20:35:47","modified_gmt":"2023-06-18T02:35:47","slug":"mas-de-10-mil-participan-en-marcha-lgbt","status":"publish","type":"post","link":"https:\/\/elconspirador.com.mx\/?p=28738","title":{"rendered":"M\u00c1S DE 15 MIL PARTICIPAN EN MARCHA LGBT+"},"content":{"rendered":"<p>Alrededor de 15 mil personas tomaron las calles de Quer\u00e9taro para exigir que se respeten sus derechos bajo el lema \u201cEn Quer\u00e9taro marchamos por nuestros derechos\u201d.<\/p>\n<p>Lo anterior, como parte de la 7\u00aa edici\u00f3n de la Marcha de Orgullo y Dignidad LGBT+ de Quer\u00e9taro, que parti\u00f3 del mirador de Los Arcos rumbo al jard\u00edn Guerrero.<\/p>\n<p>En la marcha, que tiene como objetivo visibilizar a la comunidad de la diversidad sexual, se present\u00f3 un pliego petitorio dirigido a los Poderes Legislativo y Ejecutivo, as\u00ed como al Instituto Electoral del estado de Quer\u00e9taro (IEEQ).<\/p>\n<p>\u201cNos encontramos con obst\u00e1culos en la Legislatura, muchas propuestas e iniciativas se han quedado en el olvido. Recordemos que el matrimonio igualitario tuvo que esperar tres legislaturas para ser aprobado, ahora estamos proponiendo un parlamento abierto para trabajar en temas como salud, educaci\u00f3n, vivienda, derechos sexuales y pol\u00edticos electorales\u201d, dijeron.<\/p>\n<p>En el marco del mes del orgullo LGBTQ+ ser\u00e1n pintadas 40 esferas que forman parte del festival Quer\u00e9taro Experimental, las cuales son pintadas en honor a la comunidad de la diversidad sexual.<\/p>\n","protected":false},"excerpt":{"rendered":"<p>Alrededor de 15 mil personas tomaron las calles de Quer\u00e9taro para exigir que se respeten sus derechos bajo el lema \u201cEn Quer\u00e9taro marchamos por nuestros derechos\u201d. Lo anterior, como parte de la 7\u00aa edici\u00f3n de la Marcha de Orgullo y Dignidad LGBT+ de Quer\u00e9taro, que parti\u00f3 del mirador de Los Arcos rumbo al jard\u00edn Guerrero. En la marcha, que tiene<\/p>\n<div class=\"h10\"><\/div>\n<p><a class=\"more-link2 flat\" href=\"https:\/\/elconspirador.com.mx\/?p=28738\">Leer m\u00e1s<\/a><\/p>\n","protected":false},"author":1,"featured_media":28739,"comment_status":"open","ping_status":"open","sticky":false,"template":"","format":"standard","meta":{"om_disable_all_campaigns":false,"_uf_show_specific_survey":0,"_uf_disable_surveys":false},"categories":[1],"tags":[],"aioseo_notices":[],"_links":{"self":[{"href":"https:\/\/elconspirador.com.mx\/index.php?rest_route=\/wp\/v2\/posts\/28738"}],"collection":[{"href":"https:\/\/elconspirador.com.mx\/index.php?rest_route=\/wp\/v2\/posts"}],"about":[{"href":"https:\/\/elconspirador.com.mx\/index.php?rest_route=\/wp\/v2\/types\/post"}],"author":[{"embeddable":true,"href":"https:\/\/elconspirador.com.mx\/index.php?rest_route=\/wp\/v2\/users\/1"}],"replies":[{"embeddable":true,"href":"https:\/\/elconspirador.com.mx\/index.php?rest_route=%2Fwp%2Fv2%2Fcomments&post=28738"}],"version-history":[{"count":2,"href":"https:\/\/elconspirador.com.mx\/index.php?rest_route=\/wp\/v2\/posts\/28738\/revisions"}],"predecessor-version":[{"id":28741,"href":"https:\/\/elconspirador.com.mx\/index.php?rest_route=\/wp\/v2\/posts\/28738\/revisions\/28741"}],"wp:featuredmedia":[{"embeddable":true,"href":"https:\/\/elconspirador.com.mx\/index.php?rest_route=\/wp\/v2\/media\/28739"}],"wp:attachment":[{"href":"https:\/\/elconspirador.com.mx\/index.php?rest_route=%2Fwp%2Fv2%2Fmedia&parent=28738"}],"wp:term":[{"taxonomy":"category","embeddable":true,"href":"https:\/\/elconspirador.com.mx\/index.php?rest_route=%2Fwp%2Fv2%2Fcategories&post=28738"},{"taxonomy":"post_tag","embeddable":true,"href":"https:\/\/elconspirador.com.mx\/index.php?rest_route=%2Fwp%2Fv2%2Ftags&post=28738"}],"curies":[{"name":"wp","href":"https:\/\/api.w.org\/{rel}","templated":true}]}}