{"id":28755,"date":"2023-06-19T07:43:22","date_gmt":"2023-06-19T13:43:22","guid":{"rendered":"https:\/\/elconspirador.com.mx\/?p=28755"},"modified":"2023-06-19T07:43:22","modified_gmt":"2023-06-19T13:43:22","slug":"tercera-ola-de-calor-impactara-a-todo-el-pais","status":"publish","type":"post","link":"https:\/\/elconspirador.com.mx\/?p=28755","title":{"rendered":"TERCERA OLA DE CALOR IMPACTAR\u00c1 A TODO EL PA\u00cdS"},"content":{"rendered":"<p data-reader-unique-id=\"1\">Ahora la tercera onda de calor no solo estar\u00e1 presente en veintitantas entidades de la <strong data-reader-unique-id=\"2\">Rep\u00fablica Mexicana,<\/strong> para este <strong data-reader-unique-id=\"3\">lunes 19 de junio<\/strong>\u00a0los 32 estados sufrir\u00e1n temperaturas de m\u00ednimo <strong data-reader-unique-id=\"4\">30 grados Celsius.<\/strong><\/p>\n<p data-reader-unique-id=\"1\">De acuerdo con el\u00a0Servicio Meteorol\u00f3gico Nacional (<strong data-reader-unique-id=\"5\">SMN<\/strong>) padeceremos una\u00a0<strong data-reader-unique-id=\"6\">circulaci\u00f3n anticicl\u00f3nica<\/strong>\u00a0en niveles medios de la atm\u00f3sfera, en t\u00e9rminos concisos, esto se asocia a un sistema de alta presi\u00f3n en el aire que sigue el sentido de las manecillas del reloj.<\/p>\n<p data-reader-unique-id=\"1\">Esto promueve la ola que recientemente vivimos con unas temperaturas m\u00e1ximas de hasta <strong data-reader-unique-id=\"7\">45\u00a0grados Celsius.\u00a0<\/strong>Las 24 regiones que m\u00e1s resentir\u00e1n el acalorado clima ser\u00e1n: <strong data-reader-unique-id=\"8\">Coahuila, Nuevo Le\u00f3n, Tamaulipas, San Luis Potos\u00ed, Veracruz, Tabasco, Campeche y Yucat\u00e1n.<\/strong><\/p>\n<p data-reader-unique-id=\"10\">\n","protected":false},"excerpt":{"rendered":"<p>Ahora la tercera onda de calor no solo estar\u00e1 presente en veintitantas entidades de la Rep\u00fablica Mexicana, para este lunes 19 de junio\u00a0los 32 estados sufrir\u00e1n temperaturas de m\u00ednimo 30 grados Celsius. De acuerdo con el\u00a0Servicio Meteorol\u00f3gico Nacional (SMN) padeceremos una\u00a0circulaci\u00f3n anticicl\u00f3nica\u00a0en niveles medios de la atm\u00f3sfera, en t\u00e9rminos concisos, esto se asocia a un sistema de alta presi\u00f3n en<\/p>\n<div class=\"h10\"><\/div>\n<p><a class=\"more-link2 flat\" href=\"https:\/\/elconspirador.com.mx\/?p=28755\">Leer m\u00e1s<\/a><\/p>\n","protected":false},"author":1,"featured_media":28376,"comment_status":"open","ping_status":"open","sticky":false,"template":"","format":"standard","meta":{"om_disable_all_campaigns":false,"_uf_show_specific_survey":0,"_uf_disable_surveys":false},"categories":[68],"tags":[],"aioseo_notices":[],"_links":{"self":[{"href":"https:\/\/elconspirador.com.mx\/index.php?rest_route=\/wp\/v2\/posts\/28755"}],"collection":[{"href":"https:\/\/elconspirador.com.mx\/index.php?rest_route=\/wp\/v2\/posts"}],"about":[{"href":"https:\/\/elconspirador.com.mx\/index.php?rest_route=\/wp\/v2\/types\/post"}],"author":[{"embeddable":true,"href":"https:\/\/elconspirador.com.mx\/index.php?rest_route=\/wp\/v2\/users\/1"}],"replies":[{"embeddable":true,"href":"https:\/\/elconspirador.com.mx\/index.php?rest_route=%2Fwp%2Fv2%2Fcomments&post=28755"}],"version-history":[{"count":1,"href":"https:\/\/elconspirador.com.mx\/index.php?rest_route=\/wp\/v2\/posts\/28755\/revisions"}],"predecessor-version":[{"id":28756,"href":"https:\/\/elconspirador.com.mx\/index.php?rest_route=\/wp\/v2\/posts\/28755\/revisions\/28756"}],"wp:featuredmedia":[{"embeddable":true,"href":"https:\/\/elconspirador.com.mx\/index.php?rest_route=\/wp\/v2\/media\/28376"}],"wp:attachment":[{"href":"https:\/\/elconspirador.com.mx\/index.php?rest_route=%2Fwp%2Fv2%2Fmedia&parent=28755"}],"wp:term":[{"taxonomy":"category","embeddable":true,"href":"https:\/\/elconspirador.com.mx\/index.php?rest_route=%2Fwp%2Fv2%2Fcategories&post=28755"},{"taxonomy":"post_tag","embeddable":true,"href":"https:\/\/elconspirador.com.mx\/index.php?rest_route=%2Fwp%2Fv2%2Ftags&post=28755"}],"curies":[{"name":"wp","href":"https:\/\/api.w.org\/{rel}","templated":true}]}}