{"id":28798,"date":"2023-06-19T14:02:55","date_gmt":"2023-06-19T20:02:55","guid":{"rendered":"https:\/\/elconspirador.com.mx\/?p=28798"},"modified":"2023-06-19T14:02:55","modified_gmt":"2023-06-19T20:02:55","slug":"procesan-a-el-buho-por-violencia-de-genero-y-robo-calificado","status":"publish","type":"post","link":"https:\/\/elconspirador.com.mx\/?p=28798","title":{"rendered":"PROCESAN A \u201cEL B\u00daHO\u201d POR VIOLENCIA DE G\u00c9NERO Y ROBO CALIFICADO"},"content":{"rendered":"<p>En prisi\u00f3n se encuentra el posible part\u00edcipe en el robo de art\u00edculos electr\u00f3nicos a dos estudiantes de la Universidad Polit\u00e9cnica de Santa Rosa J\u00e1uregui. Este imputado enfrenta dos procesos penales distintos, uno por violencia de g\u00e9nero y el otro por robo calificado.<\/p>\n<p>\u201cEl B\u00faho\u201d fue detenido por elementos de la Polic\u00eda municipal de Quer\u00e9taro al realizar recorridos disuasivos y verificar que portaba un arma de fuego hechiza. Al ponerlo a disposici\u00f3n de esta autoridad, se constat\u00f3 que ten\u00eda una orden de aprehensi\u00f3n por el delito de violencia de g\u00e9nero, por lo que fue presentado ante el Juez, quien lo vincul\u00f3 a proceso.<\/p>\n<p>Posterior a ese proceso penal, se le dio cumplimiento a la orden de aprehensi\u00f3n que se obtuvo, en raz\u00f3n de su posible intervenci\u00f3n en un robo a dos estudiantes de la instituci\u00f3n educativa en menci\u00f3n. Esta carpeta de investigaci\u00f3n, fue judicializada y se present\u00f3 nuevamente al detenido ante la autoridad judicial, quedando vinculado a proceso y en prisi\u00f3n preventiva justificada.<\/p>\n<p>En seguimiento a estos \u00faltimos hechos, se realiz\u00f3 un acto de investigaci\u00f3n de cateo, en la comunidad de El Pinto, Quer\u00e9taro; donde se localizaron algunos objetos con caracter\u00edsticas similares a los robados como una computadora, unos aud\u00edfonos y una mochila.<\/p>\n<p>Las investigaciones contin\u00faan para conocer si el imputado particip\u00f3 en alg\u00fan otro hecho delictivo; por ello, hacemos un llamado a la ciudadan\u00eda, para que si tienen datos de su posible intervenci\u00f3n en alg\u00fan otro hecho delictivo, lo haga de conocimiento al n\u00famero 442 216 1149, o de manera an\u00f3nima al 089.<\/p>\n","protected":false},"excerpt":{"rendered":"<p>En prisi\u00f3n se encuentra el posible part\u00edcipe en el robo de art\u00edculos electr\u00f3nicos a dos estudiantes de la Universidad Polit\u00e9cnica de Santa Rosa J\u00e1uregui. Este imputado enfrenta dos procesos penales distintos, uno por violencia de g\u00e9nero y el otro por robo calificado. \u201cEl B\u00faho\u201d fue detenido por elementos de la Polic\u00eda municipal de Quer\u00e9taro al realizar recorridos disuasivos y verificar<\/p>\n<div class=\"h10\"><\/div>\n<p><a class=\"more-link2 flat\" href=\"https:\/\/elconspirador.com.mx\/?p=28798\">Leer m\u00e1s<\/a><\/p>\n","protected":false},"author":1,"featured_media":28799,"comment_status":"open","ping_status":"open","sticky":false,"template":"","format":"standard","meta":{"om_disable_all_campaigns":false,"_uf_show_specific_survey":0,"_uf_disable_surveys":false},"categories":[1],"tags":[],"aioseo_notices":[],"_links":{"self":[{"href":"https:\/\/elconspirador.com.mx\/index.php?rest_route=\/wp\/v2\/posts\/28798"}],"collection":[{"href":"https:\/\/elconspirador.com.mx\/index.php?rest_route=\/wp\/v2\/posts"}],"about":[{"href":"https:\/\/elconspirador.com.mx\/index.php?rest_route=\/wp\/v2\/types\/post"}],"author":[{"embeddable":true,"href":"https:\/\/elconspirador.com.mx\/index.php?rest_route=\/wp\/v2\/users\/1"}],"replies":[{"embeddable":true,"href":"https:\/\/elconspirador.com.mx\/index.php?rest_route=%2Fwp%2Fv2%2Fcomments&post=28798"}],"version-history":[{"count":1,"href":"https:\/\/elconspirador.com.mx\/index.php?rest_route=\/wp\/v2\/posts\/28798\/revisions"}],"predecessor-version":[{"id":28800,"href":"https:\/\/elconspirador.com.mx\/index.php?rest_route=\/wp\/v2\/posts\/28798\/revisions\/28800"}],"wp:featuredmedia":[{"embeddable":true,"href":"https:\/\/elconspirador.com.mx\/index.php?rest_route=\/wp\/v2\/media\/28799"}],"wp:attachment":[{"href":"https:\/\/elconspirador.com.mx\/index.php?rest_route=%2Fwp%2Fv2%2Fmedia&parent=28798"}],"wp:term":[{"taxonomy":"category","embeddable":true,"href":"https:\/\/elconspirador.com.mx\/index.php?rest_route=%2Fwp%2Fv2%2Fcategories&post=28798"},{"taxonomy":"post_tag","embeddable":true,"href":"https:\/\/elconspirador.com.mx\/index.php?rest_route=%2Fwp%2Fv2%2Ftags&post=28798"}],"curies":[{"name":"wp","href":"https:\/\/api.w.org\/{rel}","templated":true}]}}