{"id":28829,"date":"2023-06-20T06:45:31","date_gmt":"2023-06-20T12:45:31","guid":{"rendered":"https:\/\/elconspirador.com.mx\/?p=28829"},"modified":"2023-06-20T06:45:31","modified_gmt":"2023-06-20T12:45:31","slug":"policias-capitalinos-recuperan-bicicleta-robada","status":"publish","type":"post","link":"https:\/\/elconspirador.com.mx\/?p=28829","title":{"rendered":"POLIC\u00cdAS CAPITALINOS RECUPERAN BICICLETA ROBADA"},"content":{"rendered":"<p>Polic\u00edas del municipio de Quer\u00e9taro recuperaron una bicicleta con reporte de robo en Avenida Universidad.<\/p>\n<p>Fue en atenci\u00f3n a distintos reportes ciudadanos, que los polic\u00edas recuperaron una bicicleta en la. Col. Los Fresnos, la cual hab\u00eda sido sustra\u00edda de un domicilio en inmediaciones de Av. Universidad el pasado 18 de junio.<\/p>\n<p>La unidad fue reintegrada a su due\u00f1o, quien agradeci\u00f3 el apoyo brindado por parte de elementos policiales de la #SSPMQ, as\u00ed como de la ciudadan\u00eda.<\/p>\n","protected":false},"excerpt":{"rendered":"<p>Polic\u00edas del municipio de Quer\u00e9taro recuperaron una bicicleta con reporte de robo en Avenida Universidad. Fue en atenci\u00f3n a distintos reportes ciudadanos, que los polic\u00edas recuperaron una bicicleta en la. Col. Los Fresnos, la cual hab\u00eda sido sustra\u00edda de un domicilio en inmediaciones de Av. Universidad el pasado 18 de junio. La unidad fue reintegrada a su due\u00f1o, quien agradeci\u00f3<\/p>\n<div class=\"h10\"><\/div>\n<p><a class=\"more-link2 flat\" href=\"https:\/\/elconspirador.com.mx\/?p=28829\">Leer m\u00e1s<\/a><\/p>\n","protected":false},"author":1,"featured_media":28830,"comment_status":"open","ping_status":"open","sticky":false,"template":"","format":"standard","meta":{"om_disable_all_campaigns":false,"_uf_show_specific_survey":0,"_uf_disable_surveys":false},"categories":[1],"tags":[],"aioseo_notices":[],"_links":{"self":[{"href":"https:\/\/elconspirador.com.mx\/index.php?rest_route=\/wp\/v2\/posts\/28829"}],"collection":[{"href":"https:\/\/elconspirador.com.mx\/index.php?rest_route=\/wp\/v2\/posts"}],"about":[{"href":"https:\/\/elconspirador.com.mx\/index.php?rest_route=\/wp\/v2\/types\/post"}],"author":[{"embeddable":true,"href":"https:\/\/elconspirador.com.mx\/index.php?rest_route=\/wp\/v2\/users\/1"}],"replies":[{"embeddable":true,"href":"https:\/\/elconspirador.com.mx\/index.php?rest_route=%2Fwp%2Fv2%2Fcomments&post=28829"}],"version-history":[{"count":1,"href":"https:\/\/elconspirador.com.mx\/index.php?rest_route=\/wp\/v2\/posts\/28829\/revisions"}],"predecessor-version":[{"id":28831,"href":"https:\/\/elconspirador.com.mx\/index.php?rest_route=\/wp\/v2\/posts\/28829\/revisions\/28831"}],"wp:featuredmedia":[{"embeddable":true,"href":"https:\/\/elconspirador.com.mx\/index.php?rest_route=\/wp\/v2\/media\/28830"}],"wp:attachment":[{"href":"https:\/\/elconspirador.com.mx\/index.php?rest_route=%2Fwp%2Fv2%2Fmedia&parent=28829"}],"wp:term":[{"taxonomy":"category","embeddable":true,"href":"https:\/\/elconspirador.com.mx\/index.php?rest_route=%2Fwp%2Fv2%2Fcategories&post=28829"},{"taxonomy":"post_tag","embeddable":true,"href":"https:\/\/elconspirador.com.mx\/index.php?rest_route=%2Fwp%2Fv2%2Ftags&post=28829"}],"curies":[{"name":"wp","href":"https:\/\/api.w.org\/{rel}","templated":true}]}}