{"id":28839,"date":"2023-06-21T06:49:29","date_gmt":"2023-06-21T12:49:29","guid":{"rendered":"https:\/\/elconspirador.com.mx\/?p=28839"},"modified":"2023-06-21T06:49:29","modified_gmt":"2023-06-21T12:49:29","slug":"aumento-de-temperatura-en-agua-mata-a-peces-del-pacifico-mexicano","status":"publish","type":"post","link":"https:\/\/elconspirador.com.mx\/?p=28839","title":{"rendered":"AUMENTO DE TEMPERATURA EN AGUA MATA A PECES DEL PAC\u00cdFICO MEXICANO"},"content":{"rendered":"<p>Esta semana unas 300 aves aparecieron muertas en diferentes playas del Pac\u00edfico Mexicano. Expertos aseguran que la muerte de los animales se debi\u00f3 a un efecto del calentamiento global. Y es que, el aumento en la temperatura del agua por el fen\u00f3meno de \u201cEl Ni\u00f1o\u201d ha provocado que los peces busquen aguas m\u00e1s fr\u00edas a m\u00e1s profundidad, dejando a las aves migratorias sin alimento.<\/p>\n<p data-reader-unique-id=\"20\">Autoridades de la Secretar\u00eda de Agricultura y Desarrollo Rural, as\u00ed como de la Secretar\u00eda de Medio Ambiente y Recursos Naturales de M\u00e9xico, dieron a conocer que la causa probable de este evento es el calentamiento de las aguas del oc\u00e9ano Pac\u00edfico, por los efectos del fen\u00f3meno meteorol\u00f3gico de El Ni\u00f1o, lo que provoca que los peces bajen a la profundidad en busca de aguas m\u00e1s fr\u00edas, hecho que impide a las aves marinas cazar su alimento.<\/p>\n<p data-reader-unique-id=\"26\">De acuerdo con los datos obtenidos en un operativo implementado en las zonas donde murieron las aves, el Servicio Nacional de Sanidad, Inocuidad y Calidad Agroalimentaria (Senasica) inform\u00f3 que aunque contin\u00faa con la recolecci\u00f3n de muestras de tejidos; los hallazgos patol\u00f3gicos encontrados en las necropsias realizadas por veterinarios y bi\u00f3logos especialistas, demuestra que los animales murieron de inanici\u00f3n.<\/p>\n<p data-reader-unique-id=\"29\">Adem\u00e1s, el Senasica resalt\u00f3 que la evidencia epidemiol\u00f3gica demuestra que las aves mueren en el oc\u00e9ano y llegan a las costas arrastradas por las corrientes mar\u00edtimas. Y destac\u00f3 que este fen\u00f3meno ha sucedido en otras latitudes del mundo cuando se presenta el evento clim\u00e1tico de \u201cEl Ni\u00f1o\u201d. De hecho, tambi\u00e9n se han reportado muertes de aves marinas en Per\u00fa y Chile.<\/p>\n<h2 class=\"clear\" data-reader-unique-id=\"32\">\u00bfQu\u00e9 tipo de aves murieron en el Pac\u00edfico?<\/h2>\n<p data-reader-unique-id=\"33\">El organismo de la Secretar\u00eda de Agricultura explic\u00f3 que la investigaci\u00f3n ha revelado quem\u00e1s del 90% de los animales afectados son pardelas de dorso gris <em data-reader-unique-id=\"35\">(Ardenna grisea), <\/em>aunque se han encontrado tambi\u00e9n otras especies end\u00e9micas como gaviotas y pel\u00edcanos.<\/p>\n<div class=\"scrollable\"><\/div>\n","protected":false},"excerpt":{"rendered":"<p>Esta semana unas 300 aves aparecieron muertas en diferentes playas del Pac\u00edfico Mexicano. Expertos aseguran que la muerte de los animales se debi\u00f3 a un efecto del calentamiento global. Y es que, el aumento en la temperatura del agua por el fen\u00f3meno de \u201cEl Ni\u00f1o\u201d ha provocado que los peces busquen aguas m\u00e1s fr\u00edas a m\u00e1s profundidad, dejando a las<\/p>\n<div class=\"h10\"><\/div>\n<p><a class=\"more-link2 flat\" href=\"https:\/\/elconspirador.com.mx\/?p=28839\">Leer m\u00e1s<\/a><\/p>\n","protected":false},"author":1,"featured_media":28840,"comment_status":"open","ping_status":"open","sticky":false,"template":"","format":"standard","meta":{"om_disable_all_campaigns":false,"_uf_show_specific_survey":0,"_uf_disable_surveys":false},"categories":[69],"tags":[],"aioseo_notices":[],"_links":{"self":[{"href":"https:\/\/elconspirador.com.mx\/index.php?rest_route=\/wp\/v2\/posts\/28839"}],"collection":[{"href":"https:\/\/elconspirador.com.mx\/index.php?rest_route=\/wp\/v2\/posts"}],"about":[{"href":"https:\/\/elconspirador.com.mx\/index.php?rest_route=\/wp\/v2\/types\/post"}],"author":[{"embeddable":true,"href":"https:\/\/elconspirador.com.mx\/index.php?rest_route=\/wp\/v2\/users\/1"}],"replies":[{"embeddable":true,"href":"https:\/\/elconspirador.com.mx\/index.php?rest_route=%2Fwp%2Fv2%2Fcomments&post=28839"}],"version-history":[{"count":1,"href":"https:\/\/elconspirador.com.mx\/index.php?rest_route=\/wp\/v2\/posts\/28839\/revisions"}],"predecessor-version":[{"id":28841,"href":"https:\/\/elconspirador.com.mx\/index.php?rest_route=\/wp\/v2\/posts\/28839\/revisions\/28841"}],"wp:featuredmedia":[{"embeddable":true,"href":"https:\/\/elconspirador.com.mx\/index.php?rest_route=\/wp\/v2\/media\/28840"}],"wp:attachment":[{"href":"https:\/\/elconspirador.com.mx\/index.php?rest_route=%2Fwp%2Fv2%2Fmedia&parent=28839"}],"wp:term":[{"taxonomy":"category","embeddable":true,"href":"https:\/\/elconspirador.com.mx\/index.php?rest_route=%2Fwp%2Fv2%2Fcategories&post=28839"},{"taxonomy":"post_tag","embeddable":true,"href":"https:\/\/elconspirador.com.mx\/index.php?rest_route=%2Fwp%2Fv2%2Ftags&post=28839"}],"curies":[{"name":"wp","href":"https:\/\/api.w.org\/{rel}","templated":true}]}}