{"id":28854,"date":"2023-06-21T06:49:12","date_gmt":"2023-06-21T12:49:12","guid":{"rendered":"https:\/\/elconspirador.com.mx\/?p=28854"},"modified":"2023-06-21T06:49:12","modified_gmt":"2023-06-21T12:49:12","slug":"capital-va-por-el-talento-por-el-barrio","status":"publish","type":"post","link":"https:\/\/elconspirador.com.mx\/?p=28854","title":{"rendered":"CAPITAL VA POR EL \u201cTALENTO POR EL BARRIO\u201d"},"content":{"rendered":"<p>El municipio de Quer\u00e9taro lanz\u00f3 la convocatoria \u201cTalento por el barrio\u201d, un proyecto urbano musical de hip hop y t\u00e9cnica de freestyle dirigido a mayores de 14 a\u00f1os que habiten en la capital.<\/p>\n<p>Luis Bernardo Nava Guerrero, presidente municipal de Quer\u00e9taro, inform\u00f3 que el venezolano Rams\u00e9s Meneses \u201cMcKlopedia\u201d impartir\u00e1 55 m\u00e1ster class para j\u00f3venes de las siete delegaciones en las que se espera la participaci\u00f3n de 350 personas, quienes pueden inscribirse en la p\u00e1gina del municipio.<\/p>\n<p>\u201cEn talento por el barrio vamos a apoyar a los mejores talentos que salgan de estas batallas que vamos a tener, con premios en efectivo y un viaje a Miami\u201d, apunt\u00f3.<\/p>\n<p>Detall\u00f3 que habr\u00e1 siete sesiones eliminatorias en las delegaciones en las que podr\u00e1n participar quienes reciban una constancia de participaci\u00f3n por acreditar el 80 por ciento de asistencia. En las sesiones se contar\u00e1 con tres expertos de la industria musical que fungir\u00e1n como jurado, para elegir a los 16 finalistas del torneo, as\u00ed como a dos talentos por m\u00e9rito en cada delegaci\u00f3n.<\/p>\n<p>Las sedes de los talleres ser\u00e1n el Instituto de artes y oficios de la delegaci\u00f3n Epigmenio Gonz\u00e1lez y la delegaci\u00f3n Cayetano Rubio del 24 de junio al 2 de septiembre; as\u00ed como el Centro cultural Carrillo Puerto, la Unidad deportiva Reforma Lonas y la Casa de cultura del parque Bicentenario del 25 de junio al 3 de septiembre.<\/p>\n<p>Las finales se realizar\u00e1n despu\u00e9s del 15 de septiembre y la premiaci\u00f3n ser\u00e1 de 25 mil pesos y un viaje a Miami para el primer lugar, 15 mil pesos para el segundo lugar y 10 mil al tercer lugar.<\/p>\n<p>En rueda de prensa, Adriana Bouchot, coordinadora de programas sociales de la capital, refiri\u00f3 que el a\u00f1o pasado, a trav\u00e9s del programa \u201cAcuerdo por el barrio\u201d se atendi\u00f3 a 29 pandillas conformadas por 81 j\u00f3venes, quienes manifestaron problemas de ansiedad, depresi\u00f3n, deserci\u00f3n escolar y desesperanza.<\/p>\n<p>\u201cProblemas de las juventudes y adultos es un problema de ansiedad, depresi\u00f3n, hemos detectado temas de deserci\u00f3n escolar, desesperanza y el trabajo que tenemos que hacer es abrir nuevas oportunidades con pol\u00edticas como \u00e9stas\u201d, se\u00f1al\u00f3.<\/p>\n","protected":false},"excerpt":{"rendered":"<p>El municipio de Quer\u00e9taro lanz\u00f3 la convocatoria \u201cTalento por el barrio\u201d, un proyecto urbano musical de hip hop y t\u00e9cnica de freestyle dirigido a mayores de 14 a\u00f1os que habiten en la capital. Luis Bernardo Nava Guerrero, presidente municipal de Quer\u00e9taro, inform\u00f3 que el venezolano Rams\u00e9s Meneses \u201cMcKlopedia\u201d impartir\u00e1 55 m\u00e1ster class para j\u00f3venes de las siete delegaciones en las<\/p>\n<div class=\"h10\"><\/div>\n<p><a class=\"more-link2 flat\" href=\"https:\/\/elconspirador.com.mx\/?p=28854\">Leer m\u00e1s<\/a><\/p>\n","protected":false},"author":1,"featured_media":28855,"comment_status":"open","ping_status":"open","sticky":false,"template":"","format":"standard","meta":{"om_disable_all_campaigns":false,"_uf_show_specific_survey":0,"_uf_disable_surveys":false},"categories":[1],"tags":[],"aioseo_notices":[],"_links":{"self":[{"href":"https:\/\/elconspirador.com.mx\/index.php?rest_route=\/wp\/v2\/posts\/28854"}],"collection":[{"href":"https:\/\/elconspirador.com.mx\/index.php?rest_route=\/wp\/v2\/posts"}],"about":[{"href":"https:\/\/elconspirador.com.mx\/index.php?rest_route=\/wp\/v2\/types\/post"}],"author":[{"embeddable":true,"href":"https:\/\/elconspirador.com.mx\/index.php?rest_route=\/wp\/v2\/users\/1"}],"replies":[{"embeddable":true,"href":"https:\/\/elconspirador.com.mx\/index.php?rest_route=%2Fwp%2Fv2%2Fcomments&post=28854"}],"version-history":[{"count":1,"href":"https:\/\/elconspirador.com.mx\/index.php?rest_route=\/wp\/v2\/posts\/28854\/revisions"}],"predecessor-version":[{"id":28856,"href":"https:\/\/elconspirador.com.mx\/index.php?rest_route=\/wp\/v2\/posts\/28854\/revisions\/28856"}],"wp:featuredmedia":[{"embeddable":true,"href":"https:\/\/elconspirador.com.mx\/index.php?rest_route=\/wp\/v2\/media\/28855"}],"wp:attachment":[{"href":"https:\/\/elconspirador.com.mx\/index.php?rest_route=%2Fwp%2Fv2%2Fmedia&parent=28854"}],"wp:term":[{"taxonomy":"category","embeddable":true,"href":"https:\/\/elconspirador.com.mx\/index.php?rest_route=%2Fwp%2Fv2%2Fcategories&post=28854"},{"taxonomy":"post_tag","embeddable":true,"href":"https:\/\/elconspirador.com.mx\/index.php?rest_route=%2Fwp%2Fv2%2Ftags&post=28854"}],"curies":[{"name":"wp","href":"https:\/\/api.w.org\/{rel}","templated":true}]}}