{"id":28869,"date":"2023-06-21T05:51:32","date_gmt":"2023-06-21T11:51:32","guid":{"rendered":"https:\/\/elconspirador.com.mx\/?p=28869"},"modified":"2023-06-21T05:51:32","modified_gmt":"2023-06-21T11:51:32","slug":"realiza-uaq-foro-sobre-obra-5-de-febrero","status":"publish","type":"post","link":"https:\/\/elconspirador.com.mx\/?p=28869","title":{"rendered":"REALIZA UAQ FORO SOBRE OBRA 5 DE FEBRERO"},"content":{"rendered":"<p>Con el objetivo de dialogar acerca de una de las obras en construcci\u00f3n con mayor impacto en la Zona Metropolitana de Quer\u00e9taro, como lo es Paseo 5 de Febrero, la Universidad Aut\u00f3noma de Quer\u00e9taro (UAQ) organiz\u00f3 un foro abierto de discusi\u00f3n en el cual participaron miembros de la academia, funcionarios estatales e integrantes de organizaciones civiles, quienes discutieron acerca de este proyecto.<\/p>\n<p>La Dra. Teresa Garc\u00eda Gasca, rectora de la UAQ, acompa\u00f1ada por el Mtro. Luis Alberto Fern\u00e1ndez Garc\u00eda, secretario Particular, manifest\u00f3 que este Foro responde a la inquietud que hab\u00eda con respecto a reflexionar este asunto, desde el punto de vista de los investigadores y de la propia sociedad en general. Asegur\u00f3 que la meta fue abrir el di\u00e1logo y platicar sobre un factor trascendental en la actualidad: la movilidad.<\/p>\n<p>&#8220;M\u00e1s que tener una din\u00e1mica de confrontaci\u00f3n de ideas en t\u00e9rminos de defender una postura u otra, es generar el di\u00e1logo suficiente para que las muchas partes que est\u00e1n relacionadas con el tema puedan exponer sus proyectos, sus planteamientos y podamos ir comprendi\u00e9ndolo de mejor forma&#8221;, expres\u00f3 la Rectora.<\/p>\n<p>En esta jornada participaron: el Dr. Ricardo Eugenio Arredondo Ortiz, especialista en transporte sostenible y huella de carbono, con la presentaci\u00f3n: \u201cEl transporte p\u00fablico como elemento central de la movilidad en Quer\u00e9taro\u201d; la Mtra. Edith Viridiana Carranza \u00c1lvarez, soci\u00f3loga y maestra en estudios de g\u00e9nero con \u201c\u00bfC\u00f3mo nos movemos en la ciudad?\u201d; el Arq. Juan Carlos Bravo Valle, representante de la Coalici\u00f3n Ciudadana por la Movilidad Sostenible de Quer\u00e9taro, con \u201cPropuesta QM21 Criterios de dise\u00f1o para Paseo 5 de Febrero\u201d; mientras que por la Alma Mater queretana hablaron: el Dr. Omar Ch\u00e1vez Alegr\u00eda, director de Obras e investigador de la UAQ, y el Dr. Ricardo Montoya Zamora, de la Facultad de Ingenier\u00eda de esta Casa de Estudios.<\/p>\n<p>Posteriormente, el Mtro. Rogelio Alcocer G\u00f3mez, subsecretario de Desarrollo Urbano, present\u00f3 los avances de Paseo 5 de Febrero y los desaf\u00edos que se han encontrado con esta infraestructura, respondiendo algunas de las inquietudes planteadas en este Foro sobre el proyecto.<\/p>\n<p>Finalmente, la Rectora de la M\u00e1xima Casa de Estudios expres\u00f3 que ser\u00e1 necesario organizar m\u00e1s foros para continuar la discusi\u00f3n de este tema y tener la participaci\u00f3n de otros actores involucrados en los rubros de movilidad para enriquecer el di\u00e1logo.<\/p>\n","protected":false},"excerpt":{"rendered":"<p>Con el objetivo de dialogar acerca de una de las obras en construcci\u00f3n con mayor impacto en la Zona Metropolitana de Quer\u00e9taro, como lo es Paseo 5 de Febrero, la Universidad Aut\u00f3noma de Quer\u00e9taro (UAQ) organiz\u00f3 un foro abierto de discusi\u00f3n en el cual participaron miembros de la academia, funcionarios estatales e integrantes de organizaciones civiles, quienes discutieron acerca de<\/p>\n<div class=\"h10\"><\/div>\n<p><a class=\"more-link2 flat\" href=\"https:\/\/elconspirador.com.mx\/?p=28869\">Leer m\u00e1s<\/a><\/p>\n","protected":false},"author":1,"featured_media":28873,"comment_status":"open","ping_status":"open","sticky":false,"template":"","format":"standard","meta":{"om_disable_all_campaigns":false,"_uf_show_specific_survey":0,"_uf_disable_surveys":false},"categories":[1],"tags":[],"aioseo_notices":[],"_links":{"self":[{"href":"https:\/\/elconspirador.com.mx\/index.php?rest_route=\/wp\/v2\/posts\/28869"}],"collection":[{"href":"https:\/\/elconspirador.com.mx\/index.php?rest_route=\/wp\/v2\/posts"}],"about":[{"href":"https:\/\/elconspirador.com.mx\/index.php?rest_route=\/wp\/v2\/types\/post"}],"author":[{"embeddable":true,"href":"https:\/\/elconspirador.com.mx\/index.php?rest_route=\/wp\/v2\/users\/1"}],"replies":[{"embeddable":true,"href":"https:\/\/elconspirador.com.mx\/index.php?rest_route=%2Fwp%2Fv2%2Fcomments&post=28869"}],"version-history":[{"count":1,"href":"https:\/\/elconspirador.com.mx\/index.php?rest_route=\/wp\/v2\/posts\/28869\/revisions"}],"predecessor-version":[{"id":28874,"href":"https:\/\/elconspirador.com.mx\/index.php?rest_route=\/wp\/v2\/posts\/28869\/revisions\/28874"}],"wp:featuredmedia":[{"embeddable":true,"href":"https:\/\/elconspirador.com.mx\/index.php?rest_route=\/wp\/v2\/media\/28873"}],"wp:attachment":[{"href":"https:\/\/elconspirador.com.mx\/index.php?rest_route=%2Fwp%2Fv2%2Fmedia&parent=28869"}],"wp:term":[{"taxonomy":"category","embeddable":true,"href":"https:\/\/elconspirador.com.mx\/index.php?rest_route=%2Fwp%2Fv2%2Fcategories&post=28869"},{"taxonomy":"post_tag","embeddable":true,"href":"https:\/\/elconspirador.com.mx\/index.php?rest_route=%2Fwp%2Fv2%2Ftags&post=28869"}],"curies":[{"name":"wp","href":"https:\/\/api.w.org\/{rel}","templated":true}]}}