{"id":28916,"date":"2023-06-21T09:22:37","date_gmt":"2023-06-21T15:22:37","guid":{"rendered":"https:\/\/elconspirador.com.mx\/?p=28916"},"modified":"2023-06-21T09:22:37","modified_gmt":"2023-06-21T15:22:37","slug":"riesgos-por-sequia-en-presas-y-cuerpos-de-agua-en-mexico","status":"publish","type":"post","link":"https:\/\/elconspirador.com.mx\/?p=28916","title":{"rendered":"RIESGOS POR SEQU\u00cdA EN PRESAS Y CUERPOS DE AGUA EN M\u00c9XICO"},"content":{"rendered":"<p data-reader-unique-id=\"1\">A las altas temperaturas registradas en el pa\u00eds durante los \u00faltimos d\u00edas se suma la carencia de agua almacenada.<\/p>\n<p data-reader-unique-id=\"2\">El d\u00e9ficit en las 210 principales presas de M\u00e9xico creci\u00f3 al pasar de 9 a 11% en una semana, inform\u00f3 la <strong data-reader-unique-id=\"3\">Conagua<\/strong>. S\u00f3lo tres embalses tienen 100% de almacenamiento; 28, entre 75 y 100%; 43, entre 50 y 75% y 136 est\u00e1n a menos de 50% de llenado.<\/p>\n<p data-reader-unique-id=\"4\">En tanto, en lo que va del a\u00f1o las lluvias registran un d\u00e9ficit de 49.7 mil\u00edmetros o 29.6% por debajo del promedio, ya que \u00fanicamente han ca\u00eddo 118.3 mil\u00edmetros.<\/p>\n<p data-reader-unique-id=\"6\">Ante esta situaci\u00f3n, el Sistema Cutzamala entr\u00f3 a la segunda mitad de junio, por lo regular muy lluvioso, con 33.5% de almacenamiento, por lo que se mantiene en la peor crisis de su historia y con\u00a0una tendencia a la baja para la pr\u00f3xima semana.<\/p>\n<p data-reader-unique-id=\"7\">El <strong data-reader-unique-id=\"8\">Comit\u00e9 T\u00e9cnico de Operaci\u00f3n de Obras Hidr\u00e1ulicas de la Conagua <\/strong>report\u00f3 que las tres presas que integran al sistema est\u00e1n debajo del 40% de su nivel. El Bosque tiene 33.2% de llenado, Villa Victoria, 20.3% y Valle de Bravo, 39.8 por ciento. El d\u00e9ficit de lluvias en \u00e9sta \u00faltima es de 100%, alert\u00f3.<\/p>\n<p data-reader-unique-id=\"9\">Las \u00e1reas con sequ\u00eda moderada se incrementaron en Edomex, Puebla y Morelos.<\/p>\n","protected":false},"excerpt":{"rendered":"<p>A las altas temperaturas registradas en el pa\u00eds durante los \u00faltimos d\u00edas se suma la carencia de agua almacenada. El d\u00e9ficit en las 210 principales presas de M\u00e9xico creci\u00f3 al pasar de 9 a 11% en una semana, inform\u00f3 la Conagua. S\u00f3lo tres embalses tienen 100% de almacenamiento; 28, entre 75 y 100%; 43, entre 50 y 75% y 136<\/p>\n<div class=\"h10\"><\/div>\n<p><a class=\"more-link2 flat\" href=\"https:\/\/elconspirador.com.mx\/?p=28916\">Leer m\u00e1s<\/a><\/p>\n","protected":false},"author":1,"featured_media":28917,"comment_status":"open","ping_status":"open","sticky":false,"template":"","format":"standard","meta":{"om_disable_all_campaigns":false,"_uf_show_specific_survey":0,"_uf_disable_surveys":false},"categories":[68],"tags":[],"aioseo_notices":[],"_links":{"self":[{"href":"https:\/\/elconspirador.com.mx\/index.php?rest_route=\/wp\/v2\/posts\/28916"}],"collection":[{"href":"https:\/\/elconspirador.com.mx\/index.php?rest_route=\/wp\/v2\/posts"}],"about":[{"href":"https:\/\/elconspirador.com.mx\/index.php?rest_route=\/wp\/v2\/types\/post"}],"author":[{"embeddable":true,"href":"https:\/\/elconspirador.com.mx\/index.php?rest_route=\/wp\/v2\/users\/1"}],"replies":[{"embeddable":true,"href":"https:\/\/elconspirador.com.mx\/index.php?rest_route=%2Fwp%2Fv2%2Fcomments&post=28916"}],"version-history":[{"count":1,"href":"https:\/\/elconspirador.com.mx\/index.php?rest_route=\/wp\/v2\/posts\/28916\/revisions"}],"predecessor-version":[{"id":28918,"href":"https:\/\/elconspirador.com.mx\/index.php?rest_route=\/wp\/v2\/posts\/28916\/revisions\/28918"}],"wp:featuredmedia":[{"embeddable":true,"href":"https:\/\/elconspirador.com.mx\/index.php?rest_route=\/wp\/v2\/media\/28917"}],"wp:attachment":[{"href":"https:\/\/elconspirador.com.mx\/index.php?rest_route=%2Fwp%2Fv2%2Fmedia&parent=28916"}],"wp:term":[{"taxonomy":"category","embeddable":true,"href":"https:\/\/elconspirador.com.mx\/index.php?rest_route=%2Fwp%2Fv2%2Fcategories&post=28916"},{"taxonomy":"post_tag","embeddable":true,"href":"https:\/\/elconspirador.com.mx\/index.php?rest_route=%2Fwp%2Fv2%2Ftags&post=28916"}],"curies":[{"name":"wp","href":"https:\/\/api.w.org\/{rel}","templated":true}]}}