{"id":28934,"date":"2023-06-21T11:36:02","date_gmt":"2023-06-21T17:36:02","guid":{"rendered":"https:\/\/elconspirador.com.mx\/?p=28934"},"modified":"2023-06-21T11:36:02","modified_gmt":"2023-06-21T17:36:02","slug":"arde-comercio-en-carrillo-puerto","status":"publish","type":"post","link":"https:\/\/elconspirador.com.mx\/?p=28934","title":{"rendered":"ARDE COMERCIO EN CARRILLO PUERTO"},"content":{"rendered":"<p>La ma\u00f1ana de este mi\u00e9rcoles, se registr\u00f3 un fuerte incendio en un comercio ubicado en la Avenida Felipe Carrillo Puerto, entre Avenida Revoluci\u00f3n y el Acceso ll, en el Parque Industrial Benito Ju\u00e1rez.<\/p>\n<p>Hasta el momento se desconoce lo que caus\u00f3 el fuego en el negocio, d\u00f3nde se presume es una recicladora y tambi\u00e9n al menos dos veh\u00edculos fueron consumidos en su totalidad por las llamas.<\/p>\n<p>Tras el reporte a la l\u00ednea de emergencias 911, al lugar se moviliz\u00f3 el cuerpo de bomberos y personal de Protecci\u00f3n Civil, quienes resguardaron a las personas que se encontraban en comercios aleda\u00f1os y acordonaron la zona, para evitar riesgos a los transe\u00fantes, con apoyo de la polic\u00eda municipal y Movilidad.<\/p>\n<p>Por un lapso de poco m\u00e1s de una hora, fue el tiempo que trabajaron los bomberos para poder controlar el fuego, posteriormente iniciaron con trabajos de enfriamiento y remoci\u00f3n de escombros.<\/p>\n<p>Hasta el final de esta redacci\u00f3n, los cuerpos de emergencia contin\u00faan realizando trabajos en el comercio y a\u00fan no se han reportado personas lesionadas o intoxicadas, ni v\u00edctimas fatales.<\/p>\n","protected":false},"excerpt":{"rendered":"<p>La ma\u00f1ana de este mi\u00e9rcoles, se registr\u00f3 un fuerte incendio en un comercio ubicado en la Avenida Felipe Carrillo Puerto, entre Avenida Revoluci\u00f3n y el Acceso ll, en el Parque Industrial Benito Ju\u00e1rez. Hasta el momento se desconoce lo que caus\u00f3 el fuego en el negocio, d\u00f3nde se presume es una recicladora y tambi\u00e9n al menos dos veh\u00edculos fueron consumidos<\/p>\n<div class=\"h10\"><\/div>\n<p><a class=\"more-link2 flat\" href=\"https:\/\/elconspirador.com.mx\/?p=28934\">Leer m\u00e1s<\/a><\/p>\n","protected":false},"author":1,"featured_media":28935,"comment_status":"open","ping_status":"open","sticky":false,"template":"","format":"standard","meta":{"om_disable_all_campaigns":false,"_uf_show_specific_survey":0,"_uf_disable_surveys":false},"categories":[1],"tags":[],"aioseo_notices":[],"_links":{"self":[{"href":"https:\/\/elconspirador.com.mx\/index.php?rest_route=\/wp\/v2\/posts\/28934"}],"collection":[{"href":"https:\/\/elconspirador.com.mx\/index.php?rest_route=\/wp\/v2\/posts"}],"about":[{"href":"https:\/\/elconspirador.com.mx\/index.php?rest_route=\/wp\/v2\/types\/post"}],"author":[{"embeddable":true,"href":"https:\/\/elconspirador.com.mx\/index.php?rest_route=\/wp\/v2\/users\/1"}],"replies":[{"embeddable":true,"href":"https:\/\/elconspirador.com.mx\/index.php?rest_route=%2Fwp%2Fv2%2Fcomments&post=28934"}],"version-history":[{"count":1,"href":"https:\/\/elconspirador.com.mx\/index.php?rest_route=\/wp\/v2\/posts\/28934\/revisions"}],"predecessor-version":[{"id":28936,"href":"https:\/\/elconspirador.com.mx\/index.php?rest_route=\/wp\/v2\/posts\/28934\/revisions\/28936"}],"wp:featuredmedia":[{"embeddable":true,"href":"https:\/\/elconspirador.com.mx\/index.php?rest_route=\/wp\/v2\/media\/28935"}],"wp:attachment":[{"href":"https:\/\/elconspirador.com.mx\/index.php?rest_route=%2Fwp%2Fv2%2Fmedia&parent=28934"}],"wp:term":[{"taxonomy":"category","embeddable":true,"href":"https:\/\/elconspirador.com.mx\/index.php?rest_route=%2Fwp%2Fv2%2Fcategories&post=28934"},{"taxonomy":"post_tag","embeddable":true,"href":"https:\/\/elconspirador.com.mx\/index.php?rest_route=%2Fwp%2Fv2%2Ftags&post=28934"}],"curies":[{"name":"wp","href":"https:\/\/api.w.org\/{rel}","templated":true}]}}