{"id":28949,"date":"2023-06-21T12:37:46","date_gmt":"2023-06-21T18:37:46","guid":{"rendered":"https:\/\/elconspirador.com.mx\/?p=28949"},"modified":"2023-06-21T12:37:46","modified_gmt":"2023-06-21T18:37:46","slug":"safran-invertira-80-mdd-en-queretaro","status":"publish","type":"post","link":"https:\/\/elconspirador.com.mx\/?p=28949","title":{"rendered":"SAFRAN INVERTIR\u00c1 80 MDD EN QUER\u00c9TARO"},"content":{"rendered":"<p class=\"s6\"><span class=\"s7\"><span class=\"bumpedFont15\">El <\/span><\/span><span class=\"s7\"><span class=\"bumpedFont15\">gobernador, Mauricio Kuri Gonz\u00e1lez, <\/span><\/span><span class=\"s7\"><span class=\"bumpedFont15\">se reuni\u00f3 <\/span><\/span><span class=\"s7\"><span class=\"bumpedFont15\">con ejecutivos de la empresa SAFRAN, <\/span><\/span><span class=\"s7\"><span class=\"bumpedFont15\">quienes ratificaron su<\/span><\/span><span class=\"s7\"><span class=\"bumpedFont15\"> confianza en Quer\u00e9taro y anunciaron la expansi\u00f3n <\/span><\/span><span class=\"s7\"><span class=\"bumpedFont15\">de operaciones <\/span><\/span><span class=\"s7\"><span class=\"bumpedFont15\">en la entidad <\/span><\/span><span class=\"s7\"><span class=\"bumpedFont15\">con una inversi\u00f3n <\/span><\/span><span class=\"s7\"><span class=\"bumpedFont15\">de <\/span><\/span><span class=\"s7\"><span class=\"bumpedFont15\">80 millones de d\u00f3lares <\/span><\/span><span class=\"s7\"><span class=\"bumpedFont15\">y la generaci\u00f3n de <\/span><\/span><span class=\"s7\"><span class=\"bumpedFont15\">800 nuevos empleos de alta especializaci\u00f3n<\/span><\/span><span class=\"s7\"><span class=\"bumpedFont15\"> para los pr\u00f3ximos<\/span><\/span><span class=\"s7\"><span class=\"bumpedFont15\">a\u00f1os.<\/span><\/span><\/p>\n<p class=\"s6\">\n<p class=\"s6\"><span class=\"s7\"><span class=\"bumpedFont15\">En el encuentro, los directivos de la <\/span><\/span><span class=\"s7\"><span class=\"bumpedFont15\">firma<\/span><\/span><span class=\"s7\"><span class=\"bumpedFont15\"> l\u00edder <\/span><\/span><span class=\"s7\"><span class=\"bumpedFont15\">en <\/span><\/span><span class=\"s7\"><span class=\"bumpedFont15\">el campo de la aeron\u00e1utica<\/span><\/span><span class=\"s7\"><span class=\"bumpedFont15\">, espec\u00edficamente en propulsi\u00f3n, <\/span><\/span><span class=\"s7\"><span class=\"bumpedFont15\">equipamiento e interiores, <\/span><\/span><span class=\"s7\"><span class=\"bumpedFont15\">se\u00f1alaron que la inversi\u00f3n <\/span><\/span><span class=\"s7\"><span class=\"bumpedFont15\">tiene como finalidad <\/span><\/span><span class=\"s7\"><span class=\"bumpedFont15\">la creaci\u00f3n de<\/span><\/span><span class=\"s7\"><span class=\"bumpedFont15\"> la s\u00e9<\/span><\/span><span class=\"s7\"><span class=\"bumpedFont15\">ptima planta<\/span><\/span><span class=\"s7\"><span class=\"bumpedFont15\"> del Grupo<\/span><\/span><span class=\"s7\"><span class=\"bumpedFont15\"> que <\/span><\/span><span class=\"s7\"><span class=\"bumpedFont15\">albergar\u00e1<\/span><\/span><span class=\"s7\"><span class=\"bumpedFont15\"> un banco de ensayos <\/span><\/span><span class=\"s7\"><span class=\"bumpedFont15\">de motores de avi\u00f3n <\/span><\/span><span class=\"s7\"><span class=\"bumpedFont15\">para el <\/span><\/span><span class=\"s7\"><span class=\"bumpedFont15\">desarrollo <\/span><\/span><span class=\"s7\"><span class=\"bumpedFont15\">e innovaci\u00f3n de la industria aeron\u00e1utica, <\/span><\/span><span class=\"s7\"><span class=\"bumpedFont15\">as\u00ed <\/span><\/span><span class=\"s7\"><span class=\"bumpedFont15\">como la<\/span><\/span><span class=\"s7\"><span class=\"bumpedFont15\">ampliaci\u00f3n<\/span><\/span><span class=\"s7\"><span class=\"bumpedFont15\"> de dos plantas. <\/span><\/span><\/p>\n<p class=\"s6\">\n<p class=\"s6\"><span class=\"s7\"><span class=\"bumpedFont15\">E<\/span><\/span><span class=\"s7\"><span class=\"bumpedFont15\">n su <\/span><\/span><span class=\"s7\"><span class=\"bumpedFont15\">intervenci\u00f3n<\/span><\/span><span class=\"s7\"><span class=\"bumpedFont15\">, el <\/span><\/span><span class=\"s7\"><span class=\"bumpedFont15\">mandatario estatal <\/span><\/span><span class=\"s7\"><span class=\"bumpedFont15\">present\u00f3 las <\/span><\/span><span class=\"s7\"><span class=\"bumpedFont15\">cap<\/span><\/span><span class=\"s7\"><span class=\"bumpedFont15\">acidades aeroespaciales de la entidad<\/span><\/span><span class=\"s7\"><span class=\"bumpedFont15\"> y<\/span><\/span> <span class=\"s7\"><span class=\"bumpedFont15\">los avances <\/span><\/span><span class=\"s7\"><span class=\"bumpedFont15\">en programas educativos, <\/span><\/span><span class=\"s7\"><span class=\"bumpedFont15\">centros de entrenamiento<\/span><\/span><span class=\"s7\"><span class=\"bumpedFont15\"> especializados<\/span><\/span><span class=\"s7\"><span class=\"bumpedFont15\"> y desarrollo de <\/span><\/span><span class=\"s7\"><span class=\"bumpedFont15\">proveedores locales para el sector<\/span><\/span><span class=\"s7\"><span class=\"bumpedFont15\">; asimismo, <\/span><\/span><span class=\"s7\"><span class=\"bumpedFont15\">celebr\u00f3 la <\/span><\/span><span class=\"s7\"><span class=\"bumpedFont15\">nueva inversi\u00f3n<\/span><\/span><span class=\"s7\"><span class=\"bumpedFont15\"> de SAFRAN<\/span><\/span> <span class=\"s7\"><span class=\"bumpedFont15\">que se traduce en m<\/span><\/span><span class=\"s7\"><span class=\"bumpedFont15\">ejores oportunidades para las y los queretanos.<\/span><\/span><\/p>\n<p class=\"s6\">\n<p class=\"s6\"><span class=\"s7\"><span class=\"bumpedFont15\">\u201cUn nuevo lugar de centro de ensayos, donde vamos a tener m\u00e1s tecnolog\u00eda, m\u00e1s desarrollo. Y de verdad, para las y los queretano<\/span><\/span><span class=\"s7\"><span class=\"bumpedFont15\">s<\/span><\/span><span class=\"s7\"><span class=\"bumpedFont15\"> es un orgullo, venir a Quer\u00e9taro con todo este soporte que damos los queretanos con la mejor calidad de mano de obra\u201d, <\/span><\/span><span class=\"s7\"><span class=\"bumpedFont15\">apunt\u00f3<\/span><\/span><span class=\"s7\"><span class=\"bumpedFont15\">.<\/span><\/span><\/p>\n<p class=\"s6\">\n<p class=\"s6\"><span class=\"s7\"><span class=\"bumpedFont15\">A su vez, el <\/span><\/span><span class=\"s7\"><span class=\"bumpedFont15\">CEO<\/span><\/span><span class=\"s7\"><span class=\"bumpedFont15\">, SAFRAN<\/span><\/span><span class=\"s7\"><span class=\"bumpedFont15\"> Aircraft <\/span><\/span><span class=\"s7\"><span class=\"bumpedFont15\">Eng<\/span><\/span><span class=\"s7\"><span class=\"bumpedFont15\">ine<\/span><\/span><span class=\"s7\"><span class=\"bumpedFont15\">s, Jean- <\/span><\/span><span class=\"s7\"><span class=\"bumpedFont15\">Paul<\/span><\/span><span class=\"s7\"><span class=\"bumpedFont15\">Alary<\/span><\/span><span class=\"s7\"><span class=\"bumpedFont15\">, <\/span><\/span><span class=\"s7\"><span class=\"bumpedFont15\">refiri\u00f3 que<\/span><\/span> <span class=\"s7\"><span class=\"bumpedFont15\">con esta inversi\u00f3n se da un importante paso en la<\/span><\/span><span class=\"s7\"><span class=\"bumpedFont15\"> industria<\/span><\/span><span class=\"s7\"><span class=\"bumpedFont15\">,<\/span><\/span><span class=\"s7\"><span class=\"bumpedFont15\"> pues<\/span><\/span> <span class=\"s7\"><span class=\"bumpedFont15\">desde el <\/span><\/span><span class=\"s7\"><span class=\"bumpedFont15\">banco de ensayos<\/span><\/span> <span class=\"s7\"><span class=\"bumpedFont15\">s<\/span><\/span><span class=\"s7\"><span class=\"bumpedFont15\">e aumentar\u00e1<\/span><\/span><span class=\"s7\"><span class=\"bumpedFont15\"> la capacidad <\/span><\/span><span class=\"s7\"><span class=\"bumpedFont15\">de <\/span><\/span><span class=\"s7\"><span class=\"bumpedFont15\">pruebas<\/span><\/span><span class=\"s7\"><span class=\"bumpedFont15\">para<\/span><\/span><span class=\"s7\"><span class=\"bumpedFont15\"> cumplir<\/span><\/span> <span class=\"s7\"><span class=\"bumpedFont15\">con <\/span><\/span><span class=\"s7\"><span class=\"bumpedFont15\">el r\u00e1pido crecimiento de la flota de motores<\/span><\/span><span class=\"s7\"><span class=\"bumpedFont15\">,<\/span><\/span> <span class=\"s7\"><span class=\"bumpedFont15\">que <\/span><\/span><span class=\"s7\"><span class=\"bumpedFont15\">requiere la creaci\u00f3n de m\u00e1s empleos en el estado. <\/span><\/span><\/p>\n<p class=\"s6\">\n<p class=\"s6\"><span class=\"s7\"><span class=\"bumpedFont15\">\u201cEstamos muy orgullosos y realmente apreciamos <\/span><\/span><span class=\"s7\"><span class=\"bumpedFont15\">mucho el apoyo seguro de Quer\u00e9taro <\/span><\/span><span class=\"s7\"><span class=\"bumpedFont15\">para lograr que ampliemos <\/span><\/span><span class=\"s7\"><span class=\"bumpedFont15\">nuestra capacidad (\u2026) as\u00ed que muchas gracias<\/span><\/span> <span class=\"s7\"><span class=\"bumpedFont15\">G<\/span><\/span><span class=\"s7\"><span class=\"bumpedFont15\">obernador por su apoyo\u201d<\/span><\/span><span class=\"s7\"><span class=\"bumpedFont15\">, enfatiz\u00f3.<\/span><\/span><\/p>\n<p class=\"s6\">\n<p class=\"s6\"><span class=\"s7\"><span class=\"bumpedFont15\">Cabe<\/span><\/span> <span class=\"s7\"><span class=\"bumpedFont15\">se\u00f1alar que el <\/span><\/span><span class=\"s7\"><span class=\"bumpedFont15\">proyecto de inversi\u00f3n <\/span><\/span><span class=\"s7\"><span class=\"bumpedFont15\">denominado <\/span><\/span><span class=\"s7\"><span class=\"bumpedFont15\">SAESA<\/span><\/span><span class=\"s7\"><span class=\"bumpedFont15\"> Testce<\/span><\/span><span class=\"s7\"><span class=\"bumpedFont15\">ll, ser\u00e1 el banco de ensayos <\/span><\/span><span class=\"s7\"><span class=\"bumpedFont15\">m\u00e1s innovador del mundo <\/span><\/span><span class=\"s7\"><span class=\"bumpedFont15\">y en este se realizar\u00e1n pruebas de motores <\/span><\/span><span class=\"s7\"><span class=\"bumpedFont15\">aeron\u00e1uticos; adem\u00e1s se contempla <\/span><\/span><span class=\"s7\"><span class=\"bumpedFont15\">la expansi\u00f3n del taller de operaciones. <\/span><\/span><\/p>\n<p class=\"s6\">\n<p class=\"s6\"><span class=\"s7\"><span class=\"bumpedFont15\">En cuanto a los <\/span><\/span><span class=\"s7\"><span class=\"bumpedFont15\">800 <\/span><\/span><span class=\"s7\"><span class=\"bumpedFont15\">empleos de alta especializaci\u00f3n, se dio a conocer que estos estar\u00e1n enfocados en mantenimiento, producci\u00f3n, innovaci\u00f3n, desarrollo e investigaci\u00f3n de nuevas tecnolog\u00edas, lo cual posiciona a Quer\u00e9taro como punta de lanza en el sector aeroespacial.<\/span><\/span><\/p>\n<p class=\"s6\">\n<p class=\"s6\"><span class=\"s7\"><span class=\"bumpedFont15\">Derivado<\/span><\/span><span class=\"s7\"><span class=\"bumpedFont15\"> de la gira de promoci\u00f3n del estado en Francia, <\/span><\/span><span class=\"s7\"><span class=\"bumpedFont15\">el <\/span><\/span><span class=\"s7\"><span class=\"bumpedFont15\">Gobernador <\/span><\/span><span class=\"s7\"><span class=\"bumpedFont15\">tuvo la oportunidad de dialogar <\/span><\/span><span class=\"s7\"><span class=\"bumpedFont15\">con el presidente de SAFRAN M\u00e9xico<\/span><\/span><span class=\"s7\"><span class=\"bumpedFont15\">, Daniel Parfait<\/span><\/span><span class=\"s7\"><span class=\"bumpedFont15\"> y<\/span><\/span> <span class=\"s7\"><span class=\"bumpedFont15\">otros representantes de la firma<\/span><\/span><span class=\"s7\"><span class=\"bumpedFont15\">, quienes manifestaron <\/span><\/span><span class=\"s7\"><span class=\"bumpedFont15\">su inter\u00e9s de seguir<\/span><\/span><span class=\"s7\"><span class=\"bumpedFont15\"> colaborando con el Poder Ejecutivo del Estado <\/span><\/span><span class=\"s7\"><span class=\"bumpedFont15\">en programas educativos<\/span><\/span><span class=\"s7\"><span class=\"bumpedFont15\">, as\u00ed como <\/span><\/span><span class=\"s7\"><span class=\"bumpedFont15\">en proyectos que fortalezcan la <\/span><\/span><span class=\"s7\"><span class=\"bumpedFont15\">competitividad de la compa\u00f1\u00eda y de Quer\u00e9taro.<\/span><\/span><\/p>\n<p class=\"s6\">\n<p class=\"s6\"><span class=\"s7\"><span class=\"bumpedFont15\">De<\/span><\/span><span class=\"s7\"><span class=\"bumpedFont15\">stacar que la empresa de origen franc\u00e9s, <\/span><\/span><span class=\"s7\"><span class=\"bumpedFont15\">dedicada a la <\/span><\/span><span class=\"s7\"><span class=\"bumpedFont15\">producci\u00f3n de motores de aviones de corto y medio alcance, as\u00ed como de motores de helic\u00f3pteros y trenes de aterrizaje, se<\/span><\/span><span class=\"s7\"><span class=\"bumpedFont15\"> encuentra establecida en todos los continentes<\/span><\/span><span class=\"s7\"><span class=\"bumpedFont15\">, emplea <\/span><\/span><span class=\"s7\"><span class=\"bumpedFont15\">a 79 mil personas <\/span><\/span><span class=\"s7\"><span class=\"bumpedFont15\">y en 2020 logr\u00f3<\/span><\/span><span class=\"s7\"><span class=\"bumpedFont15\"> una facturaci\u00f3n <\/span><\/span><span class=\"s7\"><span class=\"bumpedFont15\">de 16.5 millones de euros<\/span><\/span><span class=\"s7\"><span class=\"bumpedFont15\">. <\/span><\/span><\/p>\n<p class=\"s6\">\n","protected":false},"excerpt":{"rendered":"<p>El gobernador, Mauricio Kuri Gonz\u00e1lez, se reuni\u00f3 con ejecutivos de la empresa SAFRAN, quienes ratificaron su confianza en Quer\u00e9taro y anunciaron la expansi\u00f3n de operaciones en la entidad con una inversi\u00f3n de 80 millones de d\u00f3lares y la generaci\u00f3n de 800 nuevos empleos de alta especializaci\u00f3n para los pr\u00f3ximosa\u00f1os. En el encuentro, los directivos de la firma l\u00edder en el<\/p>\n<div class=\"h10\"><\/div>\n<p><a class=\"more-link2 flat\" href=\"https:\/\/elconspirador.com.mx\/?p=28949\">Leer m\u00e1s<\/a><\/p>\n","protected":false},"author":1,"featured_media":28950,"comment_status":"open","ping_status":"open","sticky":false,"template":"","format":"standard","meta":{"om_disable_all_campaigns":false,"_uf_show_specific_survey":0,"_uf_disable_surveys":false},"categories":[1],"tags":[],"aioseo_notices":[],"_links":{"self":[{"href":"https:\/\/elconspirador.com.mx\/index.php?rest_route=\/wp\/v2\/posts\/28949"}],"collection":[{"href":"https:\/\/elconspirador.com.mx\/index.php?rest_route=\/wp\/v2\/posts"}],"about":[{"href":"https:\/\/elconspirador.com.mx\/index.php?rest_route=\/wp\/v2\/types\/post"}],"author":[{"embeddable":true,"href":"https:\/\/elconspirador.com.mx\/index.php?rest_route=\/wp\/v2\/users\/1"}],"replies":[{"embeddable":true,"href":"https:\/\/elconspirador.com.mx\/index.php?rest_route=%2Fwp%2Fv2%2Fcomments&post=28949"}],"version-history":[{"count":1,"href":"https:\/\/elconspirador.com.mx\/index.php?rest_route=\/wp\/v2\/posts\/28949\/revisions"}],"predecessor-version":[{"id":28951,"href":"https:\/\/elconspirador.com.mx\/index.php?rest_route=\/wp\/v2\/posts\/28949\/revisions\/28951"}],"wp:featuredmedia":[{"embeddable":true,"href":"https:\/\/elconspirador.com.mx\/index.php?rest_route=\/wp\/v2\/media\/28950"}],"wp:attachment":[{"href":"https:\/\/elconspirador.com.mx\/index.php?rest_route=%2Fwp%2Fv2%2Fmedia&parent=28949"}],"wp:term":[{"taxonomy":"category","embeddable":true,"href":"https:\/\/elconspirador.com.mx\/index.php?rest_route=%2Fwp%2Fv2%2Fcategories&post=28949"},{"taxonomy":"post_tag","embeddable":true,"href":"https:\/\/elconspirador.com.mx\/index.php?rest_route=%2Fwp%2Fv2%2Ftags&post=28949"}],"curies":[{"name":"wp","href":"https:\/\/api.w.org\/{rel}","templated":true}]}}