{"id":31076,"date":"2023-07-27T18:35:48","date_gmt":"2023-07-28T00:35:48","guid":{"rendered":"https:\/\/elconspirador.com.mx\/?p=31076"},"modified":"2023-07-27T18:35:48","modified_gmt":"2023-07-28T00:35:48","slug":"estado-apoyara-en-la-organizacion-de-la-feria-ganadera","status":"publish","type":"post","link":"https:\/\/elconspirador.com.mx\/?p=31076","title":{"rendered":"ESTADO APOYAR\u00c1 EN LA ORGANIZACI\u00d3N DE LA FERIA GANADERA"},"content":{"rendered":"<p>A diferencia del a\u00f1o pasado, en esta edici\u00f3n la Feria Internacional Ganadera ser\u00e1 organizada por la Uni\u00f3n Ganadera y el gobierno estatal, esto lo confirm\u00f3 el presidente del gremio, Romualdo Moreno.<\/p>\n<p>Y es que el a\u00f1o pasado los ganaderos quedaron rezagados en los espect\u00e1culos y s\u00f3lo se encargaron de la exposici\u00f3n de ganado.<\/p>\n<p>&#8220;El a\u00f1o pasado el tema de la feria fue organizado por el gobierno del estado, ahora se va a organizar en conjunto, va a haber una asociaci\u00f3n ah\u00ed, la Uni\u00f3n Ganadera, el empresario Carlos Alcocer va a apoyarnos&#8221;.<\/p>\n<p>Por ello indic\u00f3 que la gesti\u00f3n con los artistas ya arranc\u00f3 y se han sostenido pl\u00e1ticas con Alejandro Fern\u00e1ndez, aunque la limitante son los recursos.<\/p>\n<p>&#8220;De las ferias anteriores la de ahora la diferencia es que va a haber diferentes mandos, pero tenemos todas las ganas de hacer una feria familiar. Es momento de buscar a los artistas, a lo mejor estamos hablando de un Alejandro Fern\u00e1ndez&#8221;.<\/p>\n<p>Adicionalmente, estim\u00f3 que el costo de entrada ser\u00e1 de los 80 a los 100 pesos, con estimado de afluencia de unas 400 mil personas.<\/p>\n","protected":false},"excerpt":{"rendered":"<p>A diferencia del a\u00f1o pasado, en esta edici\u00f3n la Feria Internacional Ganadera ser\u00e1 organizada por la Uni\u00f3n Ganadera y el gobierno estatal, esto lo confirm\u00f3 el presidente del gremio, Romualdo Moreno. Y es que el a\u00f1o pasado los ganaderos quedaron rezagados en los espect\u00e1culos y s\u00f3lo se encargaron de la exposici\u00f3n de ganado. &#8220;El a\u00f1o pasado el tema de la<\/p>\n<div class=\"h10\"><\/div>\n<p><a class=\"more-link2 flat\" href=\"https:\/\/elconspirador.com.mx\/?p=31076\">Leer m\u00e1s<\/a><\/p>\n","protected":false},"author":1,"featured_media":31077,"comment_status":"open","ping_status":"open","sticky":false,"template":"","format":"standard","meta":{"om_disable_all_campaigns":false,"_uf_show_specific_survey":0,"_uf_disable_surveys":false},"categories":[71],"tags":[],"aioseo_notices":[],"_links":{"self":[{"href":"https:\/\/elconspirador.com.mx\/index.php?rest_route=\/wp\/v2\/posts\/31076"}],"collection":[{"href":"https:\/\/elconspirador.com.mx\/index.php?rest_route=\/wp\/v2\/posts"}],"about":[{"href":"https:\/\/elconspirador.com.mx\/index.php?rest_route=\/wp\/v2\/types\/post"}],"author":[{"embeddable":true,"href":"https:\/\/elconspirador.com.mx\/index.php?rest_route=\/wp\/v2\/users\/1"}],"replies":[{"embeddable":true,"href":"https:\/\/elconspirador.com.mx\/index.php?rest_route=%2Fwp%2Fv2%2Fcomments&post=31076"}],"version-history":[{"count":1,"href":"https:\/\/elconspirador.com.mx\/index.php?rest_route=\/wp\/v2\/posts\/31076\/revisions"}],"predecessor-version":[{"id":31078,"href":"https:\/\/elconspirador.com.mx\/index.php?rest_route=\/wp\/v2\/posts\/31076\/revisions\/31078"}],"wp:featuredmedia":[{"embeddable":true,"href":"https:\/\/elconspirador.com.mx\/index.php?rest_route=\/wp\/v2\/media\/31077"}],"wp:attachment":[{"href":"https:\/\/elconspirador.com.mx\/index.php?rest_route=%2Fwp%2Fv2%2Fmedia&parent=31076"}],"wp:term":[{"taxonomy":"category","embeddable":true,"href":"https:\/\/elconspirador.com.mx\/index.php?rest_route=%2Fwp%2Fv2%2Fcategories&post=31076"},{"taxonomy":"post_tag","embeddable":true,"href":"https:\/\/elconspirador.com.mx\/index.php?rest_route=%2Fwp%2Fv2%2Ftags&post=31076"}],"curies":[{"name":"wp","href":"https:\/\/api.w.org\/{rel}","templated":true}]}}