{"id":31882,"date":"2023-08-11T15:22:08","date_gmt":"2023-08-11T21:22:08","guid":{"rendered":"https:\/\/elconspirador.com.mx\/?p=31882"},"modified":"2023-08-11T15:22:08","modified_gmt":"2023-08-11T21:22:08","slug":"feria-ganadera-de-queretaro-costara-90-pesos","status":"publish","type":"post","link":"https:\/\/elconspirador.com.mx\/?p=31882","title":{"rendered":"FERIA GANADERA DE QUER\u00c9TARO COSTAR\u00c1 90 PESOS"},"content":{"rendered":"<p>La entrada para la Feria Internacional Ganadera de Quer\u00e9taro costar\u00eda entre 80 y 90 pesos, esto lo confirm\u00f3 el presidente de la Uni\u00f3n Ganadera Regional, Romualdo Moreno Guti\u00e9rrez.<\/p>\n<p>&#8220;Que vean que la entrada cuesta lo que se les va a dar. Yo creo que va a haber una buen sabor de boca este a\u00f1o. Yo creo que va a ser sobre 80 o 90 pesos. Vamos a estar viendo que no les afecte a las familias&#8221;.<\/p>\n<p>Sobre el cartel de espect\u00e1culos para esta edici\u00f3n, el empresario prefiri\u00f3 no adelantar a alg\u00fan artista, pues se encuentran en proceso de contrataci\u00f3n.<\/p>\n<p>&#8220;Ahorita no puedo dar las sorpresas, el tema de los artistas yo s\u00e9 que es muy importante, pero yo creo que va a haber buenos artistas, por ejemplo en el Teatro del Pueblo y en el Palenque va a haber buenos artistas&#8221;.<\/p>\n<p>Indic\u00f3 que por ahora, la Uni\u00f3n se encuentra en proceso de organizar las exhibiciones de ganado, a fin de reforzar este rubro, la esencia de la feria, seg\u00fan dijo.<\/p>\n<p>&#8220;Nosotros nos estamos enfocando ahorita lo que nos toca para el tema ganadero. Queremos regresarle la fortaleza al ganadero, ya hemos hablado con las personas que se tienen que hablar&#8221;.<\/p>\n","protected":false},"excerpt":{"rendered":"<p>La entrada para la Feria Internacional Ganadera de Quer\u00e9taro costar\u00eda entre 80 y 90 pesos, esto lo confirm\u00f3 el presidente de la Uni\u00f3n Ganadera Regional, Romualdo Moreno Guti\u00e9rrez. &#8220;Que vean que la entrada cuesta lo que se les va a dar. Yo creo que va a haber una buen sabor de boca este a\u00f1o. Yo creo que va a ser<\/p>\n<div class=\"h10\"><\/div>\n<p><a class=\"more-link2 flat\" href=\"https:\/\/elconspirador.com.mx\/?p=31882\">Leer m\u00e1s<\/a><\/p>\n","protected":false},"author":1,"featured_media":31883,"comment_status":"open","ping_status":"open","sticky":false,"template":"","format":"standard","meta":{"om_disable_all_campaigns":false,"_uf_show_specific_survey":0,"_uf_disable_surveys":false},"categories":[71],"tags":[],"aioseo_notices":[],"_links":{"self":[{"href":"https:\/\/elconspirador.com.mx\/index.php?rest_route=\/wp\/v2\/posts\/31882"}],"collection":[{"href":"https:\/\/elconspirador.com.mx\/index.php?rest_route=\/wp\/v2\/posts"}],"about":[{"href":"https:\/\/elconspirador.com.mx\/index.php?rest_route=\/wp\/v2\/types\/post"}],"author":[{"embeddable":true,"href":"https:\/\/elconspirador.com.mx\/index.php?rest_route=\/wp\/v2\/users\/1"}],"replies":[{"embeddable":true,"href":"https:\/\/elconspirador.com.mx\/index.php?rest_route=%2Fwp%2Fv2%2Fcomments&post=31882"}],"version-history":[{"count":1,"href":"https:\/\/elconspirador.com.mx\/index.php?rest_route=\/wp\/v2\/posts\/31882\/revisions"}],"predecessor-version":[{"id":31884,"href":"https:\/\/elconspirador.com.mx\/index.php?rest_route=\/wp\/v2\/posts\/31882\/revisions\/31884"}],"wp:featuredmedia":[{"embeddable":true,"href":"https:\/\/elconspirador.com.mx\/index.php?rest_route=\/wp\/v2\/media\/31883"}],"wp:attachment":[{"href":"https:\/\/elconspirador.com.mx\/index.php?rest_route=%2Fwp%2Fv2%2Fmedia&parent=31882"}],"wp:term":[{"taxonomy":"category","embeddable":true,"href":"https:\/\/elconspirador.com.mx\/index.php?rest_route=%2Fwp%2Fv2%2Fcategories&post=31882"},{"taxonomy":"post_tag","embeddable":true,"href":"https:\/\/elconspirador.com.mx\/index.php?rest_route=%2Fwp%2Fv2%2Ftags&post=31882"}],"curies":[{"name":"wp","href":"https:\/\/api.w.org\/{rel}","templated":true}]}}