{"id":34023,"date":"2023-09-18T14:06:33","date_gmt":"2023-09-18T20:06:33","guid":{"rendered":"https:\/\/elconspirador.com.mx\/?p=34023"},"modified":"2023-09-18T14:06:33","modified_gmt":"2023-09-18T20:06:33","slug":"conforma-marcelo-ebrard-asociacion-el-camino-de-mexico","status":"publish","type":"post","link":"https:\/\/elconspirador.com.mx\/?p=34023","title":{"rendered":"CONFORMA MARCELO EBRARD ASOCIACI\u00d3N \u201cEL CAMINO DE M\u00c9XICO\u201d"},"content":{"rendered":"<p>Marcelo Ebrard lanz\u00f3 su asociaci\u00f3n civil El camino de M\u00e9xico, a trav\u00e9s de la cual el pol\u00edtico busca reunir a los militantes de Morena, PVEM y PT que lo respaldan; bajo esa bandera, ahora busca recorrer el pa\u00eds.<\/p>\n<p data-reader-unique-id=\"6\">\u201cEs una asociaci\u00f3n civl lo que estamos formando hoy, no es un partido, porque los partidos no se pueden forman ahorita. \u00bfPor qu\u00e9 estamos formando una asociaci\u00f3n? Es la forma de organizarnos. Somos un movimiento pol\u00edtico, pero necesitamos tener nuestra propia forma de organizaci\u00f3n\u201d, dijo Ebrard.<\/p>\n<p data-reader-unique-id=\"7\">Esta ma\u00f1ana, el exaspirante a la candidatura presidencial de Morena realiz\u00f3 una reuni\u00f3n con diputados federales en una exhacienda en Xochimilco, en donde nombr\u00f3 a coordinadores de las cinco circunscripciones electorales del pa\u00eds, quienes se encargar\u00e1n de tareas espec\u00edficas, como reagrupar a sus simpatizantes.<\/p>\n<p data-reader-unique-id=\"8\">Esto se da despu\u00e9s de que Marcelo Ebrard perdi\u00f3 la elecci\u00f3n interna de Morena, en la que gan\u00f3 Claudia Sheinbaum.<\/p>\n","protected":false},"excerpt":{"rendered":"<p>Marcelo Ebrard lanz\u00f3 su asociaci\u00f3n civil El camino de M\u00e9xico, a trav\u00e9s de la cual el pol\u00edtico busca reunir a los militantes de Morena, PVEM y PT que lo respaldan; bajo esa bandera, ahora busca recorrer el pa\u00eds. \u201cEs una asociaci\u00f3n civl lo que estamos formando hoy, no es un partido, porque los partidos no se pueden forman ahorita. \u00bfPor<\/p>\n<div class=\"h10\"><\/div>\n<p><a class=\"more-link2 flat\" href=\"https:\/\/elconspirador.com.mx\/?p=34023\">Leer m\u00e1s<\/a><\/p>\n","protected":false},"author":1,"featured_media":34024,"comment_status":"open","ping_status":"open","sticky":false,"template":"","format":"standard","meta":{"om_disable_all_campaigns":false,"_uf_show_specific_survey":0,"_uf_disable_surveys":false},"categories":[1],"tags":[],"aioseo_notices":[],"_links":{"self":[{"href":"https:\/\/elconspirador.com.mx\/index.php?rest_route=\/wp\/v2\/posts\/34023"}],"collection":[{"href":"https:\/\/elconspirador.com.mx\/index.php?rest_route=\/wp\/v2\/posts"}],"about":[{"href":"https:\/\/elconspirador.com.mx\/index.php?rest_route=\/wp\/v2\/types\/post"}],"author":[{"embeddable":true,"href":"https:\/\/elconspirador.com.mx\/index.php?rest_route=\/wp\/v2\/users\/1"}],"replies":[{"embeddable":true,"href":"https:\/\/elconspirador.com.mx\/index.php?rest_route=%2Fwp%2Fv2%2Fcomments&post=34023"}],"version-history":[{"count":1,"href":"https:\/\/elconspirador.com.mx\/index.php?rest_route=\/wp\/v2\/posts\/34023\/revisions"}],"predecessor-version":[{"id":34025,"href":"https:\/\/elconspirador.com.mx\/index.php?rest_route=\/wp\/v2\/posts\/34023\/revisions\/34025"}],"wp:featuredmedia":[{"embeddable":true,"href":"https:\/\/elconspirador.com.mx\/index.php?rest_route=\/wp\/v2\/media\/34024"}],"wp:attachment":[{"href":"https:\/\/elconspirador.com.mx\/index.php?rest_route=%2Fwp%2Fv2%2Fmedia&parent=34023"}],"wp:term":[{"taxonomy":"category","embeddable":true,"href":"https:\/\/elconspirador.com.mx\/index.php?rest_route=%2Fwp%2Fv2%2Fcategories&post=34023"},{"taxonomy":"post_tag","embeddable":true,"href":"https:\/\/elconspirador.com.mx\/index.php?rest_route=%2Fwp%2Fv2%2Ftags&post=34023"}],"curies":[{"name":"wp","href":"https:\/\/api.w.org\/{rel}","templated":true}]}}