{"id":34029,"date":"2023-09-18T15:24:20","date_gmt":"2023-09-18T21:24:20","guid":{"rendered":"https:\/\/elconspirador.com.mx\/?p=34029"},"modified":"2023-09-18T15:24:20","modified_gmt":"2023-09-18T21:24:20","slug":"corregidora-impulsa-a-los-emprendedores-locales","status":"publish","type":"post","link":"https:\/\/elconspirador.com.mx\/?p=34029","title":{"rendered":"CORREGIDORA IMPULSA A LOS EMPRENDEDORES LOCALES"},"content":{"rendered":"<p>La Secretar\u00eda de Desarrollo Econ\u00f3mico del Municipio de Corregidora, a trav\u00e9s de la Direcci\u00f3n de Atracci\u00f3n de Inversi\u00f3n y Emprendimiento, invita a emprendedores de esta demarcaci\u00f3n a participar en los programas de incubaci\u00f3n de empresas que el gobierno municipal de Roberto Sosa Pichardo lleva a cabo para apoyar a 85 proyectos de quienes desean establecer y desarrollar una empresa o negocio.<\/p>\n<p>Lo anterior lo dio a conocer la titular de la secretar\u00eda, Esther Carboney Echave, quien destac\u00f3 que Corregidora contin\u00faa con proyectos que impulsan a habitantes del municipio que desean concretar un idea empresarial o comercial, lo que se traduce en un bienestar de muchas familias y en una contribuci\u00f3n al crecimiento econ\u00f3mico de la regi\u00f3n<\/p>\n<p>Detall\u00f3 que en materia de emprendimiento se cuenta con 10 programas, 7 de capacitaci\u00f3n y 3 de incubadoras, derivado de lo cual a la fecha se brindaron m\u00e1s de 582 horas de capacitaci\u00f3n y fueron apoyados 420 MiPyMES y emprendedores.<\/p>\n<p>Indic\u00f3 que los tres programas de incubadoras en los que los interesados pueden participar son: el de incubadora b\u00e1sica, en el que se trabaja conjuntamente con la Universidad New Element y la Secretar\u00eda de Desarrollo Sustentable del Estado de Quer\u00e9taro (SEDESU), con oportunidad de incubaci\u00f3n para 50 proyectos, del 9 de octubre al 10 de noviembre; la incubadora de Alto Impacto, en coordinaci\u00f3n con la Universidad Tecnol\u00f3gica de Corregidora (UTC), con el cual se apoyar\u00e1 a 20 proyectos, del 4 de septiembre al 28 de octubre; y el de incubadora de empresas \u201cEmprende Corregidora 2023\u201d, en colaboraci\u00f3n con la Universidad Tecnol\u00f3gica de Quer\u00e9taro (UTQ) para impulsar a 15 proyectos, del 2 de septiembre al 24 de noviembre.<\/p>\n<p>\u201cTenemos, por ejemplo, la incubadora b\u00e1sica New Element, con la Universidad New Element, en conjunto con SEDESU. Vamos a incubar 50 proyectos, y va a ser del 9 de octubre al 10 de noviembre. Tambi\u00e9n tenemos una incubadora de alto impacto, que va a ser con la Universidad Tecnol\u00f3gica de Corregidora, para 20 proyectos, para dar continuidad a las micros y peque\u00f1as empresas en sus primeras etapas de vida. Tenemos tambi\u00e9n la incubadora de empresas Emprende Corregidora 2023, que lo hacemos con la UTEQ. Iniciar\u00e1 el 2 de septiembre y termina en noviembre\u201d, detall\u00f3.<\/p>\n<p>Record\u00f3 que el objetivo de estos programas consiste en promover y fortalecer el desarrollo de actividades productivas, as\u00ed como fomentar la cultura de emprendimiento e innovaci\u00f3n en el Municipio de Corregidora a trav\u00e9s de cursos y capacitaciones que potencializan la viabilidad, competitividad y sustentabilidad de los emprendedores, micros, peque\u00f1as y medianas empresas (MiPymes) establecidas en la entidad.<\/p>\n<p>Abund\u00f3 que la dependencia a su cargo tambi\u00e9n ofrece a la ciudadan\u00eda el curso de profesionalizaci\u00f3n de alimentos y bebidas, junto con la Universidad Tecnol\u00f3gica de Corregidora. \u201cSon 36 horas (de capacitaci\u00f3n) y tenemos 50 lugares disponibles\u201d, precis\u00f3.<\/p>\n<p>Adem\u00e1s, agreg\u00f3, se ofrece capacitaci\u00f3n para auto empleo, mediante el cual se ha beneficiado a 40 mujeres en este a\u00f1o 2023. Consiste en un mes de capacitaci\u00f3n, de lunes a viernes, cinco horas diarias y se otorgan becas.<\/p>\n<p>\u201cTambi\u00e9n tenemos, junto con COPARMEX, una capacitaci\u00f3n bien interesante que se llama \u201cMi negocio gira con ideas\u201d. Son 12 m\u00f3dulos que se est\u00e1n dando aqu\u00ed en la New Element y se imparten mensualmente en las \u00e1reas de imagen, formalidad, desarrollo, seguimiento comercial y ventas.<\/p>\n<p>Aunado a lo anterior, adelant\u00f3 que el pr\u00f3ximo 16 de noviembre, en el Jard\u00edn Principal de El Pueblito, se llevar\u00e1 a cabo la Expo Emprende Corregidora, con la finalidad de impulsar a las microempresas y los emprendedores. Participar\u00e1n 40 ponentes y se espera la presencia de 500 asistentes. En este evento estar\u00e1n emprendedores que participan en los programas implementados por la Direcci\u00f3n de Atracci\u00f3n de Inversi\u00f3n y Emprendimiento.<\/p>\n<p>\u201cEs segundo a\u00f1o consecutivo que llevamos a cabo esta Expo, donde buscamos fomentar la cultura emprendedora para que la gente d\u00e9 a conocer sus proyectos locales, promoviendo e impulsando sus productos y servicios. O sea, si tienes un negocio, ac\u00e9rcate con nosotros, vas a tener un espacio en esta Expo Emprende Corregidora, adem\u00e1s se dan capacitaciones y es cuando invitamos a los emprendedores\u201d, subray\u00f3.<\/p>\n<p>Finalmente, Esther Carboney Echave reiter\u00f3 la invitaci\u00f3n a todos quienes desean hacer realidad el sue\u00f1o de crear su empresa, negocio o comercio, lo que suma a la visi\u00f3n econ\u00f3mica con la que el alcalde Roberto Sosa Pichardo proyecta el crecimiento y desarrollo del municipio para garantizar el buen vivir de las familias.<\/p>\n<p>Los interesados en los programas mencionados pueden acudir a las instalaciones de la Direcci\u00f3n de Atracci\u00f3n de Inversi\u00f3n y Emprendimiento, ubicadas enfrente del Jard\u00edn Principal de El Pueblito, escribir a la emprendimiento@corregidora.gob.mx o llamar al n\u00famero telef\u00f3nico <a href=\"tel:442 20 96 00\">442 20 96 00<\/a>extensi\u00f3n 2099, 5516 y 7559.<\/p>\n","protected":false},"excerpt":{"rendered":"<p>La Secretar\u00eda de Desarrollo Econ\u00f3mico del Municipio de Corregidora, a trav\u00e9s de la Direcci\u00f3n de Atracci\u00f3n de Inversi\u00f3n y Emprendimiento, invita a emprendedores de esta demarcaci\u00f3n a participar en los programas de incubaci\u00f3n de empresas que el gobierno municipal de Roberto Sosa Pichardo lleva a cabo para apoyar a 85 proyectos de quienes desean establecer y desarrollar una empresa o<\/p>\n<div class=\"h10\"><\/div>\n<p><a class=\"more-link2 flat\" href=\"https:\/\/elconspirador.com.mx\/?p=34029\">Leer m\u00e1s<\/a><\/p>\n","protected":false},"author":1,"featured_media":34030,"comment_status":"open","ping_status":"open","sticky":false,"template":"","format":"standard","meta":{"om_disable_all_campaigns":false,"_uf_show_specific_survey":0,"_uf_disable_surveys":false},"categories":[1],"tags":[],"aioseo_notices":[],"_links":{"self":[{"href":"https:\/\/elconspirador.com.mx\/index.php?rest_route=\/wp\/v2\/posts\/34029"}],"collection":[{"href":"https:\/\/elconspirador.com.mx\/index.php?rest_route=\/wp\/v2\/posts"}],"about":[{"href":"https:\/\/elconspirador.com.mx\/index.php?rest_route=\/wp\/v2\/types\/post"}],"author":[{"embeddable":true,"href":"https:\/\/elconspirador.com.mx\/index.php?rest_route=\/wp\/v2\/users\/1"}],"replies":[{"embeddable":true,"href":"https:\/\/elconspirador.com.mx\/index.php?rest_route=%2Fwp%2Fv2%2Fcomments&post=34029"}],"version-history":[{"count":1,"href":"https:\/\/elconspirador.com.mx\/index.php?rest_route=\/wp\/v2\/posts\/34029\/revisions"}],"predecessor-version":[{"id":34031,"href":"https:\/\/elconspirador.com.mx\/index.php?rest_route=\/wp\/v2\/posts\/34029\/revisions\/34031"}],"wp:featuredmedia":[{"embeddable":true,"href":"https:\/\/elconspirador.com.mx\/index.php?rest_route=\/wp\/v2\/media\/34030"}],"wp:attachment":[{"href":"https:\/\/elconspirador.com.mx\/index.php?rest_route=%2Fwp%2Fv2%2Fmedia&parent=34029"}],"wp:term":[{"taxonomy":"category","embeddable":true,"href":"https:\/\/elconspirador.com.mx\/index.php?rest_route=%2Fwp%2Fv2%2Fcategories&post=34029"},{"taxonomy":"post_tag","embeddable":true,"href":"https:\/\/elconspirador.com.mx\/index.php?rest_route=%2Fwp%2Fv2%2Ftags&post=34029"}],"curies":[{"name":"wp","href":"https:\/\/api.w.org\/{rel}","templated":true}]}}