{"id":34141,"date":"2023-09-20T06:46:58","date_gmt":"2023-09-20T12:46:58","guid":{"rendered":"https:\/\/elconspirador.com.mx\/?p=34141"},"modified":"2023-09-20T06:47:11","modified_gmt":"2023-09-20T12:47:11","slug":"celia-maya-consejera-de-la-judicatura-federal","status":"publish","type":"post","link":"https:\/\/elconspirador.com.mx\/?p=34141","title":{"rendered":"CELIA MAYA CONSEJERA DE LA JUDICATURA FEDERAL"},"content":{"rendered":"<p>El Senado de la Rep\u00fablica design\u00f3 a Celia Maya Garc\u00eda como consejera de la Judicatura Federal, para un periodo de cinco a\u00f1os. Esto luego de someter la decisi\u00f3n a votaci\u00f3n, donde se obtuvieron 70 a favor, 31 en contra y dos abstenciones.<\/p>\n<p>Maya Garc\u00eda cubri\u00f3 la vacante que dej\u00f3 Loretta Ortiz Ahlf, luego de que esta asumi\u00f3 el cargo de ministra de la Suprema Corte de Justicia de la Naci\u00f3n, en 2021.<\/p>\n<p>El Consejo de la Judicatura Federal es un \u00f3rgano del Poder Judicial de la Federaci\u00f3n, con independencia de gesti\u00f3n, lo que le permite emitir as\u00ed sus resoluciones.<\/p>\n<p>Algunas de sus funciones son expedir acuerdo general en materia administrativa, en temas como enajenaci\u00f3n de todo tipo de bienes, el ingreso, est\u00edmulos, capacitaci\u00f3n, ascensos y promociones por escalaf\u00f3n y remoci\u00f3n del personal, entre otros.<\/p>\n<p>Celia Maya Garc\u00eda fue magistrada en Tribunal Superior de Justicia del estado de Quer\u00e9taro. Estudio derecho y contabilidad en la Universidad Aut\u00f3noma de la misma entidad.<\/p>\n<p>Posee los grados de maestr\u00eda en derecho, en impuestas y un doctorado en leyes. Estudi\u00f3 en instituciones como la Universidad Nacional Aut\u00f3noma de M\u00e9xico (UNAM), la Comisi\u00f3n Nacional de Derechos Humanos y el Tribunal Superior de Justicia de Quer\u00e9taro.<\/p>\n<p>Destaca su labor como asesora en \u00e1reas del derecho como el familiar, mercantil, penal y civil. En la administraci\u00f3n p\u00fablica, ha trabajado como jueza en materia civil.<\/p>\n<p>Tambi\u00e9n ha sido docente en la Facultad de Contadur\u00eda y Administraci\u00f3n de la UAQ, la Escuela de Derecho del Instituto Liceo de Estudios Superiores, en la Universidad Cuauht\u00e9moc, y en la Universidad An\u00e1huac.<\/p>\n<p>Celia Maya Garc\u00eda incursiona en la pol\u00edtica<\/p>\n<p>Maya Garc\u00eda se ha postulado en tres ocasiones a la gubernatura de Quer\u00e9taro. La primera fue en 2003, de la mano del PRD y M\u00e9xico posible. Despu\u00e9s lo intent\u00f3 en 2015, con Morena, pero no obtuvo la victoria.<\/p>\n<p>La \u00faltima ocasiones en que fue candidata a gobernadora de su estado fue en 2021, una vez m\u00e1s con Morena; perdi\u00f3 por tercera ocasi\u00f3n, con solo 24.2 por ciento. La victoria fue para el panista Mauricio Kuri, con el 54.8 por ciento de los votos.<\/p>\n<p>En febrero del 2019, Andr\u00e9s Manuel L\u00f3pez Obrador postul\u00f3 por segunda ocasi\u00f3n a Maya Garc\u00eda para ser ministra de la Suprema Corte de Justicia de la Naci\u00f3n.<\/p>\n<p>En aquellos momentos se dio a conocer que la queretana estaba a favor de legalizar la mariguana por su uso medicinal y l\u00fadico.<\/p>\n","protected":false},"excerpt":{"rendered":"<p>El Senado de la Rep\u00fablica design\u00f3 a Celia Maya Garc\u00eda como consejera de la Judicatura Federal, para un periodo de cinco a\u00f1os. Esto luego de someter la decisi\u00f3n a votaci\u00f3n, donde se obtuvieron 70 a favor, 31 en contra y dos abstenciones. Maya Garc\u00eda cubri\u00f3 la vacante que dej\u00f3 Loretta Ortiz Ahlf, luego de que esta asumi\u00f3 el cargo de<\/p>\n<div class=\"h10\"><\/div>\n<p><a class=\"more-link2 flat\" href=\"https:\/\/elconspirador.com.mx\/?p=34141\">Leer m\u00e1s<\/a><\/p>\n","protected":false},"author":1,"featured_media":34142,"comment_status":"open","ping_status":"open","sticky":false,"template":"","format":"standard","meta":{"om_disable_all_campaigns":false,"_uf_show_specific_survey":0,"_uf_disable_surveys":false},"categories":[1],"tags":[],"aioseo_notices":[],"_links":{"self":[{"href":"https:\/\/elconspirador.com.mx\/index.php?rest_route=\/wp\/v2\/posts\/34141"}],"collection":[{"href":"https:\/\/elconspirador.com.mx\/index.php?rest_route=\/wp\/v2\/posts"}],"about":[{"href":"https:\/\/elconspirador.com.mx\/index.php?rest_route=\/wp\/v2\/types\/post"}],"author":[{"embeddable":true,"href":"https:\/\/elconspirador.com.mx\/index.php?rest_route=\/wp\/v2\/users\/1"}],"replies":[{"embeddable":true,"href":"https:\/\/elconspirador.com.mx\/index.php?rest_route=%2Fwp%2Fv2%2Fcomments&post=34141"}],"version-history":[{"count":1,"href":"https:\/\/elconspirador.com.mx\/index.php?rest_route=\/wp\/v2\/posts\/34141\/revisions"}],"predecessor-version":[{"id":34143,"href":"https:\/\/elconspirador.com.mx\/index.php?rest_route=\/wp\/v2\/posts\/34141\/revisions\/34143"}],"wp:featuredmedia":[{"embeddable":true,"href":"https:\/\/elconspirador.com.mx\/index.php?rest_route=\/wp\/v2\/media\/34142"}],"wp:attachment":[{"href":"https:\/\/elconspirador.com.mx\/index.php?rest_route=%2Fwp%2Fv2%2Fmedia&parent=34141"}],"wp:term":[{"taxonomy":"category","embeddable":true,"href":"https:\/\/elconspirador.com.mx\/index.php?rest_route=%2Fwp%2Fv2%2Fcategories&post=34141"},{"taxonomy":"post_tag","embeddable":true,"href":"https:\/\/elconspirador.com.mx\/index.php?rest_route=%2Fwp%2Fv2%2Ftags&post=34141"}],"curies":[{"name":"wp","href":"https:\/\/api.w.org\/{rel}","templated":true}]}}