{"id":34758,"date":"2023-09-30T18:16:15","date_gmt":"2023-10-01T00:16:15","guid":{"rendered":"https:\/\/elconspirador.com.mx\/?p=34758"},"modified":"2023-09-30T18:16:15","modified_gmt":"2023-10-01T00:16:15","slug":"identifican-restos-oseos-de-los-sabinos","status":"publish","type":"post","link":"https:\/\/elconspirador.com.mx\/?p=34758","title":{"rendered":"IDENTIFICAN RESTOS \u00d3SEOS DE LOS SABINOS"},"content":{"rendered":"<p>Los restos \u00f3seos que se localizaron en un domicilio en Los Sabinos eran de la mujer que habitaba la vivienda, inform\u00f3 Alejandro Echeverr\u00eda Cornejo, fiscal general de Quer\u00e9taro.<\/p>\n<p>El fiscal indic\u00f3 que, a la espera de tener m\u00e1s informaci\u00f3n, se presume que se trat\u00f3 de un suicidio y fue el esposo quien localiz\u00f3 los restos.<\/p>\n<p>\u201cSe encontraron efectivamente restos \u00f3seos al interior de un domicilio, donde aparentemente viv\u00eda una mujer; sin embargo, de acuerdo, hasta ahorita, falta por determinar, lo que tenemos de indicios es que aparentemente se trat\u00f3 de un suicidio y fue el esposo que ten\u00eda m\u00e1s de un a\u00f1o de no visitar a la persona quien encontr\u00f3 los restos\u201d, apunt\u00f3.<\/p>\n<p>Sobre la detenci\u00f3n del exalcalde de Col\u00f3n, Alejandro Ochoa, asegur\u00f3 que no existe ninguna persecuci\u00f3n pol\u00edtica contra el expresidente y precis\u00f3 que ser\u00e1 la fiscal\u00eda anticorrupci\u00f3n la que emita detalles de la investigaci\u00f3n.<\/p>\n<p>\u201cEste es un asunto de la Fiscal\u00eda Anticorrupci\u00f3n y prefiero que ellos ahonden m\u00e1s en la informaci\u00f3n, lo \u00fanico que s\u00ed puedo tener la certeza que lo que digo es que no existe ning\u00fan tipo de persecuci\u00f3n, existe una denuncia donde en este caso el municipio de Col\u00f3n es el ofendido y en ese sentido estamos atendiendo las denuncias que el municipio est\u00e1 presentando\u201d, mencion\u00f3.<\/p>\n","protected":false},"excerpt":{"rendered":"<p>Los restos \u00f3seos que se localizaron en un domicilio en Los Sabinos eran de la mujer que habitaba la vivienda, inform\u00f3 Alejandro Echeverr\u00eda Cornejo, fiscal general de Quer\u00e9taro. El fiscal indic\u00f3 que, a la espera de tener m\u00e1s informaci\u00f3n, se presume que se trat\u00f3 de un suicidio y fue el esposo quien localiz\u00f3 los restos. \u201cSe encontraron efectivamente restos \u00f3seos<\/p>\n<div class=\"h10\"><\/div>\n<p><a class=\"more-link2 flat\" href=\"https:\/\/elconspirador.com.mx\/?p=34758\">Leer m\u00e1s<\/a><\/p>\n","protected":false},"author":1,"featured_media":34667,"comment_status":"open","ping_status":"open","sticky":false,"template":"","format":"standard","meta":{"om_disable_all_campaigns":false,"_uf_show_specific_survey":0,"_uf_disable_surveys":false},"categories":[1],"tags":[],"aioseo_notices":[],"_links":{"self":[{"href":"https:\/\/elconspirador.com.mx\/index.php?rest_route=\/wp\/v2\/posts\/34758"}],"collection":[{"href":"https:\/\/elconspirador.com.mx\/index.php?rest_route=\/wp\/v2\/posts"}],"about":[{"href":"https:\/\/elconspirador.com.mx\/index.php?rest_route=\/wp\/v2\/types\/post"}],"author":[{"embeddable":true,"href":"https:\/\/elconspirador.com.mx\/index.php?rest_route=\/wp\/v2\/users\/1"}],"replies":[{"embeddable":true,"href":"https:\/\/elconspirador.com.mx\/index.php?rest_route=%2Fwp%2Fv2%2Fcomments&post=34758"}],"version-history":[{"count":1,"href":"https:\/\/elconspirador.com.mx\/index.php?rest_route=\/wp\/v2\/posts\/34758\/revisions"}],"predecessor-version":[{"id":34759,"href":"https:\/\/elconspirador.com.mx\/index.php?rest_route=\/wp\/v2\/posts\/34758\/revisions\/34759"}],"wp:featuredmedia":[{"embeddable":true,"href":"https:\/\/elconspirador.com.mx\/index.php?rest_route=\/wp\/v2\/media\/34667"}],"wp:attachment":[{"href":"https:\/\/elconspirador.com.mx\/index.php?rest_route=%2Fwp%2Fv2%2Fmedia&parent=34758"}],"wp:term":[{"taxonomy":"category","embeddable":true,"href":"https:\/\/elconspirador.com.mx\/index.php?rest_route=%2Fwp%2Fv2%2Fcategories&post=34758"},{"taxonomy":"post_tag","embeddable":true,"href":"https:\/\/elconspirador.com.mx\/index.php?rest_route=%2Fwp%2Fv2%2Ftags&post=34758"}],"curies":[{"name":"wp","href":"https:\/\/api.w.org\/{rel}","templated":true}]}}